{"id":7773,"date":"2025-10-21T17:03:17","date_gmt":"2025-10-21T15:03:17","guid":{"rendered":"https:\/\/www.ph7foodtech.com\/?p=7773"},"modified":"2025-10-21T17:06:08","modified_gmt":"2025-10-21T15:06:08","slug":"ferias-internacionales-claves-del-sector","status":"publish","type":"post","link":"https:\/\/www.ph7foodtech.com\/es\/blog\/ferias-internacionales-claves-del-sector\/","title":{"rendered":"Ferias internacionales claves del sector"},"content":{"rendered":"\n<p>Desde PH7 creemos firmemente en la innovaci\u00f3n y la colaboraci\u00f3n internacional. Por ello, nuestro equipo estar\u00e1 presente en dos de los eventos m\u00e1s importantes del sector pesquero a nivel mundial: <strong>AquaExpo 2025<\/strong> en Ecuador y <strong>China Fisheries &amp; Seafood Expo.<\/strong><\/p>\n\n\n\n<p><strong>Aqua Expo 2025<\/strong> &#8211; Guayaquil, Ecuador<\/p>\n\n\n\n<p>Se ha consolidado como la feria t\u00e9cnica comercial m\u00e1s grande de Latinoam\u00e9rica dedicada al sector camaronera y acu\u00edcola. Durante este evento expertos, productores y empresas l\u00edderes se re\u00fanen para compartir conocimientos, presentar innovaciones y fortalecer la industria. <a href=\"https:\/\/www.aquaexpo.com.ec\/\">Aqua Expo<\/a> re\u00fane m\u00e1s de 200 expositores y 7.000 metros cuadrados de exposici\u00f3n comercial, y se celebra en el Centro de convenciones de Guayaquil, del 20 al 23 de octubre.<\/p>\n\n\n\n<p><strong>China Fisheries &amp; Seafood Expo<\/strong> &#8211; Qingdao, China<\/p>\n\n\n\n<p>Reconocida como una de las ferias de productos del mar m\u00e1s grandes del mundo, la <a href=\"https:\/\/chinaseafoodexpo.com\/\">CFSE<\/a> re\u00fane a miles de profesionales. Este evento es una plataforma para explorar nuevas oportunidades comerciales, descubrir tendencias y consolidar nuestra presencia en el mercado asi\u00e1tico. Tendr\u00e1 lugar los pr\u00f3ximos 29 al 31 de octubre, en el Hongdao International Convention and Exhibition Center.<\/p>\n\n\n\n<p>Si tienes pensado asistir a alguno de estos eventos, \u00a1nos encantar\u00eda conocerte! <a href=\"https:\/\/www.ph7foodtech.com\/es\/contacto\/\">Ponte en contacto con nosotros<\/a> para agendar una reuni\u00f3n y conversar sobre c\u00f3mo podemos colaborar para seguir innovando juntos. <\/p>\n","protected":false},"excerpt":{"rendered":"<p>Desde PH7 creemos firmemente en la innovaci\u00f3n y la colaboraci\u00f3n internacional. Por ello, nuestro equipo estar\u00e1 presente en dos de [&hellip;]<\/p>\n","protected":false},"author":3,"featured_media":7774,"comment_status":"open","ping_status":"open","sticky":false,"template":"","format":"standard","meta":{"site-sidebar-layout":"default","site-content-layout":"","ast-site-content-layout":"","site-content-style":"default","site-sidebar-style":"default","ast-global-header-display":"","ast-banner-title-visibility":"","ast-main-header-display":"","ast-hfb-above-header-display":"","ast-hfb-below-header-display":"","ast-hfb-mobile-header-display":"","site-post-title":"","ast-breadcrumbs-content":"","ast-featured-img":"","footer-sml-layout":"","theme-transparent-header-meta":"","adv-header-id-meta":"","stick-header-meta":"","header-above-stick-meta":"","header-main-stick-meta":"","header-below-stick-meta":"","astra-migrate-meta-layouts":"default","ast-page-background-enabled":"default","ast-page-background-meta":{"desktop":{"background-color":"var(--ast-global-color-5)","background-image":"","background-repeat":"repeat","background-position":"center center","background-size":"auto","background-attachment":"scroll","background-type":"","background-media":"","overlay-type":"","overlay-color":"","overlay-opacity":"","overlay-gradient":""},"tablet":{"background-color":"","background-image":"","background-repeat":"repeat","background-position":"center center","background-size":"auto","background-attachment":"scroll","background-type":"","background-media":"","overlay-type":"","overlay-color":"","overlay-opacity":"","overlay-gradient":""},"mobile":{"background-color":"","background-image":"","background-repeat":"repeat","background-position":"center center","background-size":"auto","background-attachment":"scroll","background-type":"","background-media":"","overlay-type":"","overlay-color":"","overlay-opacity":"","overlay-gradient":""}},"ast-content-background-meta":{"desktop":{"background-color":"var(--ast-global-color-4)","background-image":"","background-repeat":"repeat","background-position":"center center","background-size":"auto","background-attachment":"scroll","background-type":"","background-media":"","overlay-type":"","overlay-color":"","overlay-opacity":"","overlay-gradient":""},"tablet":{"background-color":"var(--ast-global-color-4)","background-image":"","background-repeat":"repeat","background-position":"center center","background-size":"auto","background-attachment":"scroll","background-type":"","background-media":"","overlay-type":"","overlay-color":"","overlay-opacity":"","overlay-gradient":""},"mobile":{"background-color":"var(--ast-global-color-4)","background-image":"","background-repeat":"repeat","background-position":"center center","background-size":"auto","background-attachment":"scroll","background-type":"","background-media":"","overlay-type":"","overlay-color":"","overlay-opacity":"","overlay-gradient":""}},"footnotes":""},"categories":[1],"tags":[],"class_list":["post-7773","post","type-post","status-publish","format-standard","has-post-thumbnail","hentry","category-sin-categoria"],"yoast_head":"<!-- This site is optimized with the Yoast SEO plugin v27.5 - https:\/\/yoast.com\/product\/yoast-seo-wordpress\/ -->\n<title>Ferias internacionales claves del sector - PH7 Food Tech<\/title>\n<meta name=\"robots\" content=\"index, follow, max-snippet:-1, max-image-preview:large, max-video-preview:-1\" \/>\n<link rel=\"canonical\" href=\"https:\/\/www.ph7foodtech.com\/es\/blog\/ferias-internacionales-claves-del-sector\/\" \/>\n<meta property=\"og:locale\" content=\"es_ES\" \/>\n<meta property=\"og:type\" content=\"article\" \/>\n<meta property=\"og:title\" content=\"Ferias internacionales claves del sector - PH7 Food Tech\" \/>\n<meta property=\"og:description\" content=\"Desde PH7 creemos firmemente en la innovaci\u00f3n y la colaboraci\u00f3n internacional. Por ello, nuestro equipo estar\u00e1 presente en dos de [&hellip;]\" \/>\n<meta property=\"og:url\" content=\"https:\/\/www.ph7foodtech.com\/es\/blog\/ferias-internacionales-claves-del-sector\/\" \/>\n<meta property=\"og:site_name\" content=\"PH7 Food Tech\" \/>\n<meta property=\"article:published_time\" content=\"2025-10-21T15:03:17+00:00\" \/>\n<meta property=\"article:modified_time\" content=\"2025-10-21T15:06:08+00:00\" \/>\n<meta property=\"og:image\" content=\"https:\/\/www.ph7foodtech.com\/wp-content\/uploads\/2025\/10\/Avatares-Blog-PH7.gif\" \/>\n\t<meta property=\"og:image:width\" content=\"1200\" \/>\n\t<meta property=\"og:image:height\" content=\"627\" \/>\n\t<meta property=\"og:image:type\" content=\"image\/gif\" \/>\n<meta name=\"author\" content=\"Miriam Calv\u00f3\" \/>\n<meta name=\"twitter:card\" content=\"summary_large_image\" \/>\n<meta name=\"twitter:label1\" content=\"Escrito por\" \/>\n\t<meta name=\"twitter:data1\" content=\"Miriam Calv\u00f3\" \/>\n\t<meta name=\"twitter:label2\" content=\"Tiempo de lectura\" \/>\n\t<meta name=\"twitter:data2\" content=\"2 minutos\" \/>\n<script type=\"application\/ld+json\" class=\"yoast-schema-graph\">{\"@context\":\"https:\\\/\\\/schema.org\",\"@graph\":[{\"@type\":\"Article\",\"@id\":\"https:\\\/\\\/www.ph7foodtech.com\\\/es\\\/blog\\\/ferias-internacionales-claves-del-sector\\\/#article\",\"isPartOf\":{\"@id\":\"https:\\\/\\\/www.ph7foodtech.com\\\/es\\\/blog\\\/ferias-internacionales-claves-del-sector\\\/\"},\"author\":{\"name\":\"Miriam Calv\u00f3\",\"@id\":\"https:\\\/\\\/www.ph7foodtech.com\\\/es\\\/#\\\/schema\\\/person\\\/314fb358838af36368410c869dc20633\"},\"headline\":\"Ferias internacionales claves del sector\",\"datePublished\":\"2025-10-21T15:03:17+00:00\",\"dateModified\":\"2025-10-21T15:06:08+00:00\",\"mainEntityOfPage\":{\"@id\":\"https:\\\/\\\/www.ph7foodtech.com\\\/es\\\/blog\\\/ferias-internacionales-claves-del-sector\\\/\"},\"wordCount\":226,\"commentCount\":0,\"publisher\":{\"@id\":\"https:\\\/\\\/www.ph7foodtech.com\\\/es\\\/#organization\"},\"image\":{\"@id\":\"https:\\\/\\\/www.ph7foodtech.com\\\/es\\\/blog\\\/ferias-internacionales-claves-del-sector\\\/#primaryimage\"},\"thumbnailUrl\":\"https:\\\/\\\/www.ph7foodtech.com\\\/wp-content\\\/uploads\\\/2025\\\/10\\\/Avatares-Blog-PH7.gif\",\"inLanguage\":\"es\",\"potentialAction\":[{\"@type\":\"CommentAction\",\"name\":\"Comment\",\"target\":[\"https:\\\/\\\/www.ph7foodtech.com\\\/es\\\/blog\\\/ferias-internacionales-claves-del-sector\\\/#respond\"]}]},{\"@type\":\"WebPage\",\"@id\":\"https:\\\/\\\/www.ph7foodtech.com\\\/es\\\/blog\\\/ferias-internacionales-claves-del-sector\\\/\",\"url\":\"https:\\\/\\\/www.ph7foodtech.com\\\/es\\\/blog\\\/ferias-internacionales-claves-del-sector\\\/\",\"name\":\"Ferias internacionales claves del sector - PH7 Food Tech\",\"isPartOf\":{\"@id\":\"https:\\\/\\\/www.ph7foodtech.com\\\/es\\\/#website\"},\"primaryImageOfPage\":{\"@id\":\"https:\\\/\\\/www.ph7foodtech.com\\\/es\\\/blog\\\/ferias-internacionales-claves-del-sector\\\/#primaryimage\"},\"image\":{\"@id\":\"https:\\\/\\\/www.ph7foodtech.com\\\/es\\\/blog\\\/ferias-internacionales-claves-del-sector\\\/#primaryimage\"},\"thumbnailUrl\":\"https:\\\/\\\/www.ph7foodtech.com\\\/wp-content\\\/uploads\\\/2025\\\/10\\\/Avatares-Blog-PH7.gif\",\"datePublished\":\"2025-10-21T15:03:17+00:00\",\"dateModified\":\"2025-10-21T15:06:08+00:00\",\"breadcrumb\":{\"@id\":\"https:\\\/\\\/www.ph7foodtech.com\\\/es\\\/blog\\\/ferias-internacionales-claves-del-sector\\\/#breadcrumb\"},\"inLanguage\":\"es\",\"potentialAction\":[{\"@type\":\"ReadAction\",\"target\":[\"https:\\\/\\\/www.ph7foodtech.com\\\/es\\\/blog\\\/ferias-internacionales-claves-del-sector\\\/\"]}]},{\"@type\":\"ImageObject\",\"inLanguage\":\"es\",\"@id\":\"https:\\\/\\\/www.ph7foodtech.com\\\/es\\\/blog\\\/ferias-internacionales-claves-del-sector\\\/#primaryimage\",\"url\":\"https:\\\/\\\/www.ph7foodtech.com\\\/wp-content\\\/uploads\\\/2025\\\/10\\\/Avatares-Blog-PH7.gif\",\"contentUrl\":\"https:\\\/\\\/www.ph7foodtech.com\\\/wp-content\\\/uploads\\\/2025\\\/10\\\/Avatares-Blog-PH7.gif\",\"width\":1200,\"height\":627},{\"@type\":\"BreadcrumbList\",\"@id\":\"https:\\\/\\\/www.ph7foodtech.com\\\/es\\\/blog\\\/ferias-internacionales-claves-del-sector\\\/#breadcrumb\",\"itemListElement\":[{\"@type\":\"ListItem\",\"position\":1,\"name\":\"Portada\",\"item\":\"https:\\\/\\\/www.ph7foodtech.com\\\/es\\\/\"},{\"@type\":\"ListItem\",\"position\":2,\"name\":\"Ferias internacionales claves del sector\"}]},{\"@type\":\"WebSite\",\"@id\":\"https:\\\/\\\/www.ph7foodtech.com\\\/es\\\/#website\",\"url\":\"https:\\\/\\\/www.ph7foodtech.com\\\/es\\\/\",\"name\":\"PH7 Food Tech\",\"description\":\"\",\"publisher\":{\"@id\":\"https:\\\/\\\/www.ph7foodtech.com\\\/es\\\/#organization\"},\"potentialAction\":[{\"@type\":\"SearchAction\",\"target\":{\"@type\":\"EntryPoint\",\"urlTemplate\":\"https:\\\/\\\/www.ph7foodtech.com\\\/es\\\/?s={search_term_string}\"},\"query-input\":{\"@type\":\"PropertyValueSpecification\",\"valueRequired\":true,\"valueName\":\"search_term_string\"}}],\"inLanguage\":\"es\"},{\"@type\":\"Organization\",\"@id\":\"https:\\\/\\\/www.ph7foodtech.com\\\/es\\\/#organization\",\"name\":\"PH7 Food Tech\",\"url\":\"https:\\\/\\\/www.ph7foodtech.com\\\/es\\\/\",\"logo\":{\"@type\":\"ImageObject\",\"inLanguage\":\"es\",\"@id\":\"https:\\\/\\\/www.ph7foodtech.com\\\/es\\\/#\\\/schema\\\/logo\\\/image\\\/\",\"url\":\"https:\\\/\\\/www.ph7foodtech.com\\\/wp-content\\\/uploads\\\/2025\\\/08\\\/PH7-logo-Sand-Negativo.svg\",\"contentUrl\":\"https:\\\/\\\/www.ph7foodtech.com\\\/wp-content\\\/uploads\\\/2025\\\/08\\\/PH7-logo-Sand-Negativo.svg\",\"width\":841,\"height\":595,\"caption\":\"PH7 Food Tech\"},\"image\":{\"@id\":\"https:\\\/\\\/www.ph7foodtech.com\\\/es\\\/#\\\/schema\\\/logo\\\/image\\\/\"}},{\"@type\":\"Person\",\"@id\":\"https:\\\/\\\/www.ph7foodtech.com\\\/es\\\/#\\\/schema\\\/person\\\/314fb358838af36368410c869dc20633\",\"name\":\"Miriam Calv\u00f3\",\"image\":{\"@type\":\"ImageObject\",\"inLanguage\":\"es\",\"@id\":\"https:\\\/\\\/secure.gravatar.com\\\/avatar\\\/9541e5f8b8c09288b0f136df9756eb8fd37cc072eb2e25435310b417e56f5372?s=96&d=mm&r=g\",\"url\":\"https:\\\/\\\/secure.gravatar.com\\\/avatar\\\/9541e5f8b8c09288b0f136df9756eb8fd37cc072eb2e25435310b417e56f5372?s=96&d=mm&r=g\",\"contentUrl\":\"https:\\\/\\\/secure.gravatar.com\\\/avatar\\\/9541e5f8b8c09288b0f136df9756eb8fd37cc072eb2e25435310b417e56f5372?s=96&d=mm&r=g\",\"caption\":\"Miriam Calv\u00f3\"},\"url\":\"https:\\\/\\\/www.ph7foodtech.com\\\/es\\\/blog\\\/author\\\/miriam\\\/\"}]}<\/script>\n<!-- \/ Yoast SEO plugin. -->","yoast_head_json":{"title":"Ferias internacionales claves del sector - PH7 Food Tech","robots":{"index":"index","follow":"follow","max-snippet":"max-snippet:-1","max-image-preview":"max-image-preview:large","max-video-preview":"max-video-preview:-1"},"canonical":"https:\/\/www.ph7foodtech.com\/es\/blog\/ferias-internacionales-claves-del-sector\/","og_locale":"es_ES","og_type":"article","og_title":"Ferias internacionales claves del sector - PH7 Food Tech","og_description":"Desde PH7 creemos firmemente en la innovaci\u00f3n y la colaboraci\u00f3n internacional. Por ello, nuestro equipo estar\u00e1 presente en dos de [&hellip;]","og_url":"https:\/\/www.ph7foodtech.com\/es\/blog\/ferias-internacionales-claves-del-sector\/","og_site_name":"PH7 Food Tech","article_published_time":"2025-10-21T15:03:17+00:00","article_modified_time":"2025-10-21T15:06:08+00:00","og_image":[{"width":1200,"height":627,"url":"https:\/\/www.ph7foodtech.com\/wp-content\/uploads\/2025\/10\/Avatares-Blog-PH7.gif","type":"image\/gif"}],"author":"Miriam Calv\u00f3","twitter_card":"summary_large_image","twitter_misc":{"Escrito por":"Miriam Calv\u00f3","Tiempo de lectura":"2 minutos"},"schema":{"@context":"https:\/\/schema.org","@graph":[{"@type":"Article","@id":"https:\/\/www.ph7foodtech.com\/es\/blog\/ferias-internacionales-claves-del-sector\/#article","isPartOf":{"@id":"https:\/\/www.ph7foodtech.com\/es\/blog\/ferias-internacionales-claves-del-sector\/"},"author":{"name":"Miriam Calv\u00f3","@id":"https:\/\/www.ph7foodtech.com\/es\/#\/schema\/person\/314fb358838af36368410c869dc20633"},"headline":"Ferias internacionales claves del sector","datePublished":"2025-10-21T15:03:17+00:00","dateModified":"2025-10-21T15:06:08+00:00","mainEntityOfPage":{"@id":"https:\/\/www.ph7foodtech.com\/es\/blog\/ferias-internacionales-claves-del-sector\/"},"wordCount":226,"commentCount":0,"publisher":{"@id":"https:\/\/www.ph7foodtech.com\/es\/#organization"},"image":{"@id":"https:\/\/www.ph7foodtech.com\/es\/blog\/ferias-internacionales-claves-del-sector\/#primaryimage"},"thumbnailUrl":"https:\/\/www.ph7foodtech.com\/wp-content\/uploads\/2025\/10\/Avatares-Blog-PH7.gif","inLanguage":"es","potentialAction":[{"@type":"CommentAction","name":"Comment","target":["https:\/\/www.ph7foodtech.com\/es\/blog\/ferias-internacionales-claves-del-sector\/#respond"]}]},{"@type":"WebPage","@id":"https:\/\/www.ph7foodtech.com\/es\/blog\/ferias-internacionales-claves-del-sector\/","url":"https:\/\/www.ph7foodtech.com\/es\/blog\/ferias-internacionales-claves-del-sector\/","name":"Ferias internacionales claves del sector - PH7 Food Tech","isPartOf":{"@id":"https:\/\/www.ph7foodtech.com\/es\/#website"},"primaryImageOfPage":{"@id":"https:\/\/www.ph7foodtech.com\/es\/blog\/ferias-internacionales-claves-del-sector\/#primaryimage"},"image":{"@id":"https:\/\/www.ph7foodtech.com\/es\/blog\/ferias-internacionales-claves-del-sector\/#primaryimage"},"thumbnailUrl":"https:\/\/www.ph7foodtech.com\/wp-content\/uploads\/2025\/10\/Avatares-Blog-PH7.gif","datePublished":"2025-10-21T15:03:17+00:00","dateModified":"2025-10-21T15:06:08+00:00","breadcrumb":{"@id":"https:\/\/www.ph7foodtech.com\/es\/blog\/ferias-internacionales-claves-del-sector\/#breadcrumb"},"inLanguage":"es","potentialAction":[{"@type":"ReadAction","target":["https:\/\/www.ph7foodtech.com\/es\/blog\/ferias-internacionales-claves-del-sector\/"]}]},{"@type":"ImageObject","inLanguage":"es","@id":"https:\/\/www.ph7foodtech.com\/es\/blog\/ferias-internacionales-claves-del-sector\/#primaryimage","url":"https:\/\/www.ph7foodtech.com\/wp-content\/uploads\/2025\/10\/Avatares-Blog-PH7.gif","contentUrl":"https:\/\/www.ph7foodtech.com\/wp-content\/uploads\/2025\/10\/Avatares-Blog-PH7.gif","width":1200,"height":627},{"@type":"BreadcrumbList","@id":"https:\/\/www.ph7foodtech.com\/es\/blog\/ferias-internacionales-claves-del-sector\/#breadcrumb","itemListElement":[{"@type":"ListItem","position":1,"name":"Portada","item":"https:\/\/www.ph7foodtech.com\/es\/"},{"@type":"ListItem","position":2,"name":"Ferias internacionales claves del sector"}]},{"@type":"WebSite","@id":"https:\/\/www.ph7foodtech.com\/es\/#website","url":"https:\/\/www.ph7foodtech.com\/es\/","name":"PH7 Food Tech","description":"","publisher":{"@id":"https:\/\/www.ph7foodtech.com\/es\/#organization"},"potentialAction":[{"@type":"SearchAction","target":{"@type":"EntryPoint","urlTemplate":"https:\/\/www.ph7foodtech.com\/es\/?s={search_term_string}"},"query-input":{"@type":"PropertyValueSpecification","valueRequired":true,"valueName":"search_term_string"}}],"inLanguage":"es"},{"@type":"Organization","@id":"https:\/\/www.ph7foodtech.com\/es\/#organization","name":"PH7 Food Tech","url":"https:\/\/www.ph7foodtech.com\/es\/","logo":{"@type":"ImageObject","inLanguage":"es","@id":"https:\/\/www.ph7foodtech.com\/es\/#\/schema\/logo\/image\/","url":"https:\/\/www.ph7foodtech.com\/wp-content\/uploads\/2025\/08\/PH7-logo-Sand-Negativo.svg","contentUrl":"https:\/\/www.ph7foodtech.com\/wp-content\/uploads\/2025\/08\/PH7-logo-Sand-Negativo.svg","width":841,"height":595,"caption":"PH7 Food Tech"},"image":{"@id":"https:\/\/www.ph7foodtech.com\/es\/#\/schema\/logo\/image\/"}},{"@type":"Person","@id":"https:\/\/www.ph7foodtech.com\/es\/#\/schema\/person\/314fb358838af36368410c869dc20633","name":"Miriam Calv\u00f3","image":{"@type":"ImageObject","inLanguage":"es","@id":"https:\/\/secure.gravatar.com\/avatar\/9541e5f8b8c09288b0f136df9756eb8fd37cc072eb2e25435310b417e56f5372?s=96&d=mm&r=g","url":"https:\/\/secure.gravatar.com\/avatar\/9541e5f8b8c09288b0f136df9756eb8fd37cc072eb2e25435310b417e56f5372?s=96&d=mm&r=g","contentUrl":"https:\/\/secure.gravatar.com\/avatar\/9541e5f8b8c09288b0f136df9756eb8fd37cc072eb2e25435310b417e56f5372?s=96&d=mm&r=g","caption":"Miriam Calv\u00f3"},"url":"https:\/\/www.ph7foodtech.com\/es\/blog\/author\/miriam\/"}]}},"_links":{"self":[{"href":"https:\/\/www.ph7foodtech.com\/es\/wp-json\/wp\/v2\/posts\/7773","targetHints":{"allow":["GET"]}}],"collection":[{"href":"https:\/\/www.ph7foodtech.com\/es\/wp-json\/wp\/v2\/posts"}],"about":[{"href":"https:\/\/www.ph7foodtech.com\/es\/wp-json\/wp\/v2\/types\/post"}],"author":[{"embeddable":true,"href":"https:\/\/www.ph7foodtech.com\/es\/wp-json\/wp\/v2\/users\/3"}],"replies":[{"embeddable":true,"href":"https:\/\/www.ph7foodtech.com\/es\/wp-json\/wp\/v2\/comments?post=7773"}],"version-history":[{"count":2,"href":"https:\/\/www.ph7foodtech.com\/es\/wp-json\/wp\/v2\/posts\/7773\/revisions"}],"predecessor-version":[{"id":7777,"href":"https:\/\/www.ph7foodtech.com\/es\/wp-json\/wp\/v2\/posts\/7773\/revisions\/7777"}],"wp:featuredmedia":[{"embeddable":true,"href":"https:\/\/www.ph7foodtech.com\/es\/wp-json\/wp\/v2\/media\/7774"}],"wp:attachment":[{"href":"https:\/\/www.ph7foodtech.com\/es\/wp-json\/wp\/v2\/media?parent=7773"}],"wp:term":[{"taxonomy":"category","embeddable":true,"href":"https:\/\/www.ph7foodtech.com\/es\/wp-json\/wp\/v2\/categories?post=7773"},{"taxonomy":"post_tag","embeddable":true,"href":"https:\/\/www.ph7foodtech.com\/es\/wp-json\/wp\/v2\/tags?post=7773"}],"curies":[{"name":"wp","href":"https:\/\/api.w.org\/{rel}","templated":true}]}}