{"id":7613,"date":"2025-09-03T10:17:48","date_gmt":"2025-09-03T08:17:48","guid":{"rendered":"https:\/\/www.ph7foodtech.com\/?p=7613"},"modified":"2025-09-10T16:08:56","modified_gmt":"2025-09-10T14:08:56","slug":"certificacion-ifs-conseguida-un-nuevo-hito-que-compartimos-contigo","status":"publish","type":"post","link":"https:\/\/www.ph7foodtech.com\/es\/blog\/certificacion-ifs-conseguida-un-nuevo-hito-que-compartimos-contigo\/","title":{"rendered":"Certificaci\u00f3n IFS conseguida: un nuevo hito que compartimos contigo"},"content":{"rendered":"\n<p>En PH7 estamos orgullosos de compartir una noticia que representa un paso muy importante para nosotros: nuestra Planta Alimentaria ha obtenido la certificaci\u00f3n IFS Food (International Featured Standards), una de las m\u00e1s reconocidas a nivel internacional en seguridad y calidad alimentaria. <\/p>\n\n\n\n<h2 class=\"wp-block-heading\">\u00bfQu\u00e9 significa esta certificaci\u00f3n?<\/h2>\n\n\n\n<p>La certificaci\u00f3n IFS garantiza que nuestros procesos cumplen con los m\u00e1s altos est\u00e1ndares en cuanto a seguridad, trazabilidad, higiene, gesti\u00f3n de riesgos y control de calidad.<br><br>Nuestra calidad es tu sello. Creamos, fabricamos y comercializamos soluciones alimentarias eficientes, seguras y personalizadas.<\/p>\n\n\n\n<figure class=\"wp-block-image size-large is-resized\"><a href=\"https:\/\/youtu.be\/4W5ymKB8yVQ\"><img fetchpriority=\"high\" decoding=\"async\" width=\"1024\" height=\"616\" src=\"https:\/\/www.ph7foodtech.com\/wp-content\/uploads\/2025\/08\/Imagen-video-1024x616.jpg\" alt=\"\" class=\"wp-image-7614\" style=\"width:620px;height:auto\" srcset=\"https:\/\/www.ph7foodtech.com\/wp-content\/uploads\/2025\/08\/Imagen-video-1024x616.jpg 1024w, https:\/\/www.ph7foodtech.com\/wp-content\/uploads\/2025\/08\/Imagen-video-300x180.jpg 300w, https:\/\/www.ph7foodtech.com\/wp-content\/uploads\/2025\/08\/Imagen-video-768x462.jpg 768w, https:\/\/www.ph7foodtech.com\/wp-content\/uploads\/2025\/08\/Imagen-video.jpg 1054w\" sizes=\"(max-width: 1024px) 100vw, 1024px\" \/><\/a><\/figure>\n\n\n\n<h2 class=\"wp-block-heading\">Descubre nuestro Food Hub <br>en este breve v\u00eddeo.<\/h2>\n\n\n\n<p>Disponemos de una planta alimentaria de \u00faltima generaci\u00f3n a tu servicio, con desarrollo I+D+i, producci\u00f3n propia y capacidades log\u00edsticas.<\/p>\n\n\n\n<p>\u00bfTe gustar\u00eda saber m\u00e1s? Nos encantar\u00eda colaborar contigo, <a href=\"https:\/\/www.ph7foodtech.com\/es\/contacto\/\">contacta con nosotros.<\/a><\/p>\n\n\n\n<p><\/p>\n","protected":false},"excerpt":{"rendered":"<p>En PH7 estamos orgullosos de compartir una noticia que representa un paso muy importante para nosotros: nuestra Planta Alimentaria ha [&hellip;]<\/p>\n","protected":false},"author":3,"featured_media":7676,"comment_status":"open","ping_status":"open","sticky":false,"template":"","format":"standard","meta":{"site-sidebar-layout":"default","site-content-layout":"","ast-site-content-layout":"","site-content-style":"default","site-sidebar-style":"default","ast-global-header-display":"","ast-banner-title-visibility":"","ast-main-header-display":"","ast-hfb-above-header-display":"","ast-hfb-below-header-display":"","ast-hfb-mobile-header-display":"","site-post-title":"","ast-breadcrumbs-content":"","ast-featured-img":"","footer-sml-layout":"","theme-transparent-header-meta":"","adv-header-id-meta":"","stick-header-meta":"","header-above-stick-meta":"","header-main-stick-meta":"","header-below-stick-meta":"","astra-migrate-meta-layouts":"default","ast-page-background-enabled":"default","ast-page-background-meta":{"desktop":{"background-color":"var(--ast-global-color-5)","background-image":"","background-repeat":"repeat","background-position":"center center","background-size":"auto","background-attachment":"scroll","background-type":"","background-media":"","overlay-type":"","overlay-color":"","overlay-opacity":"","overlay-gradient":""},"tablet":{"background-color":"","background-image":"","background-repeat":"repeat","background-position":"center center","background-size":"auto","background-attachment":"scroll","background-type":"","background-media":"","overlay-type":"","overlay-color":"","overlay-opacity":"","overlay-gradient":""},"mobile":{"background-color":"","background-image":"","background-repeat":"repeat","background-position":"center center","background-size":"auto","background-attachment":"scroll","background-type":"","background-media":"","overlay-type":"","overlay-color":"","overlay-opacity":"","overlay-gradient":""}},"ast-content-background-meta":{"desktop":{"background-color":"var(--ast-global-color-4)","background-image":"","background-repeat":"repeat","background-position":"center center","background-size":"auto","background-attachment":"scroll","background-type":"","background-media":"","overlay-type":"","overlay-color":"","overlay-opacity":"","overlay-gradient":""},"tablet":{"background-color":"var(--ast-global-color-4)","background-image":"","background-repeat":"repeat","background-position":"center center","background-size":"auto","background-attachment":"scroll","background-type":"","background-media":"","overlay-type":"","overlay-color":"","overlay-opacity":"","overlay-gradient":""},"mobile":{"background-color":"var(--ast-global-color-4)","background-image":"","background-repeat":"repeat","background-position":"center center","background-size":"auto","background-attachment":"scroll","background-type":"","background-media":"","overlay-type":"","overlay-color":"","overlay-opacity":"","overlay-gradient":""}},"footnotes":""},"categories":[1],"tags":[],"class_list":["post-7613","post","type-post","status-publish","format-standard","has-post-thumbnail","hentry","category-sin-categoria"],"yoast_head":"<!-- This site is optimized with the Yoast SEO plugin v27.5 - https:\/\/yoast.com\/product\/yoast-seo-wordpress\/ -->\n<title>Certificaci\u00f3n IFS conseguida: un nuevo hito que compartimos contigo - PH7 Food Tech<\/title>\n<meta name=\"robots\" content=\"index, follow, max-snippet:-1, max-image-preview:large, max-video-preview:-1\" \/>\n<link rel=\"canonical\" href=\"https:\/\/www.ph7foodtech.com\/es\/blog\/certificacion-ifs-conseguida-un-nuevo-hito-que-compartimos-contigo\/\" \/>\n<meta property=\"og:locale\" content=\"es_ES\" \/>\n<meta property=\"og:type\" content=\"article\" \/>\n<meta property=\"og:title\" content=\"Certificaci\u00f3n IFS conseguida: un nuevo hito que compartimos contigo - PH7 Food Tech\" \/>\n<meta property=\"og:description\" content=\"En PH7 estamos orgullosos de compartir una noticia que representa un paso muy importante para nosotros: nuestra Planta Alimentaria ha [&hellip;]\" \/>\n<meta property=\"og:url\" content=\"https:\/\/www.ph7foodtech.com\/es\/blog\/certificacion-ifs-conseguida-un-nuevo-hito-que-compartimos-contigo\/\" \/>\n<meta property=\"og:site_name\" content=\"PH7 Food Tech\" \/>\n<meta property=\"article:published_time\" content=\"2025-09-03T08:17:48+00:00\" \/>\n<meta property=\"article:modified_time\" content=\"2025-09-10T14:08:56+00:00\" \/>\n<meta property=\"og:image\" content=\"https:\/\/www.ph7foodtech.com\/wp-content\/uploads\/2025\/04\/Mobile-IFS-2.jpg\" \/>\n\t<meta property=\"og:image:width\" content=\"1200\" \/>\n\t<meta property=\"og:image:height\" content=\"627\" \/>\n\t<meta property=\"og:image:type\" content=\"image\/jpeg\" \/>\n<meta name=\"author\" content=\"Miriam Calv\u00f3\" \/>\n<meta name=\"twitter:card\" content=\"summary_large_image\" \/>\n<meta name=\"twitter:label1\" content=\"Escrito por\" \/>\n\t<meta name=\"twitter:data1\" content=\"Miriam Calv\u00f3\" \/>\n\t<meta name=\"twitter:label2\" content=\"Tiempo de lectura\" \/>\n\t<meta name=\"twitter:data2\" content=\"1 minuto\" \/>\n<script type=\"application\/ld+json\" class=\"yoast-schema-graph\">{\"@context\":\"https:\\\/\\\/schema.org\",\"@graph\":[{\"@type\":\"Article\",\"@id\":\"https:\\\/\\\/www.ph7foodtech.com\\\/es\\\/blog\\\/certificacion-ifs-conseguida-un-nuevo-hito-que-compartimos-contigo\\\/#article\",\"isPartOf\":{\"@id\":\"https:\\\/\\\/www.ph7foodtech.com\\\/es\\\/blog\\\/certificacion-ifs-conseguida-un-nuevo-hito-que-compartimos-contigo\\\/\"},\"author\":{\"name\":\"Miriam Calv\u00f3\",\"@id\":\"https:\\\/\\\/www.ph7foodtech.com\\\/es\\\/#\\\/schema\\\/person\\\/314fb358838af36368410c869dc20633\"},\"headline\":\"Certificaci\u00f3n IFS conseguida: un nuevo hito que compartimos contigo\",\"datePublished\":\"2025-09-03T08:17:48+00:00\",\"dateModified\":\"2025-09-10T14:08:56+00:00\",\"mainEntityOfPage\":{\"@id\":\"https:\\\/\\\/www.ph7foodtech.com\\\/es\\\/blog\\\/certificacion-ifs-conseguida-un-nuevo-hito-que-compartimos-contigo\\\/\"},\"wordCount\":150,\"commentCount\":0,\"publisher\":{\"@id\":\"https:\\\/\\\/www.ph7foodtech.com\\\/es\\\/#organization\"},\"image\":{\"@id\":\"https:\\\/\\\/www.ph7foodtech.com\\\/es\\\/blog\\\/certificacion-ifs-conseguida-un-nuevo-hito-que-compartimos-contigo\\\/#primaryimage\"},\"thumbnailUrl\":\"https:\\\/\\\/www.ph7foodtech.com\\\/wp-content\\\/uploads\\\/2025\\\/04\\\/Mobile-IFS-2.jpg\",\"inLanguage\":\"es\",\"potentialAction\":[{\"@type\":\"CommentAction\",\"name\":\"Comment\",\"target\":[\"https:\\\/\\\/www.ph7foodtech.com\\\/es\\\/blog\\\/certificacion-ifs-conseguida-un-nuevo-hito-que-compartimos-contigo\\\/#respond\"]}]},{\"@type\":\"WebPage\",\"@id\":\"https:\\\/\\\/www.ph7foodtech.com\\\/es\\\/blog\\\/certificacion-ifs-conseguida-un-nuevo-hito-que-compartimos-contigo\\\/\",\"url\":\"https:\\\/\\\/www.ph7foodtech.com\\\/es\\\/blog\\\/certificacion-ifs-conseguida-un-nuevo-hito-que-compartimos-contigo\\\/\",\"name\":\"Certificaci\u00f3n IFS conseguida: un nuevo hito que compartimos contigo - PH7 Food Tech\",\"isPartOf\":{\"@id\":\"https:\\\/\\\/www.ph7foodtech.com\\\/es\\\/#website\"},\"primaryImageOfPage\":{\"@id\":\"https:\\\/\\\/www.ph7foodtech.com\\\/es\\\/blog\\\/certificacion-ifs-conseguida-un-nuevo-hito-que-compartimos-contigo\\\/#primaryimage\"},\"image\":{\"@id\":\"https:\\\/\\\/www.ph7foodtech.com\\\/es\\\/blog\\\/certificacion-ifs-conseguida-un-nuevo-hito-que-compartimos-contigo\\\/#primaryimage\"},\"thumbnailUrl\":\"https:\\\/\\\/www.ph7foodtech.com\\\/wp-content\\\/uploads\\\/2025\\\/04\\\/Mobile-IFS-2.jpg\",\"datePublished\":\"2025-09-03T08:17:48+00:00\",\"dateModified\":\"2025-09-10T14:08:56+00:00\",\"breadcrumb\":{\"@id\":\"https:\\\/\\\/www.ph7foodtech.com\\\/es\\\/blog\\\/certificacion-ifs-conseguida-un-nuevo-hito-que-compartimos-contigo\\\/#breadcrumb\"},\"inLanguage\":\"es\",\"potentialAction\":[{\"@type\":\"ReadAction\",\"target\":[\"https:\\\/\\\/www.ph7foodtech.com\\\/es\\\/blog\\\/certificacion-ifs-conseguida-un-nuevo-hito-que-compartimos-contigo\\\/\"]}]},{\"@type\":\"ImageObject\",\"inLanguage\":\"es\",\"@id\":\"https:\\\/\\\/www.ph7foodtech.com\\\/es\\\/blog\\\/certificacion-ifs-conseguida-un-nuevo-hito-que-compartimos-contigo\\\/#primaryimage\",\"url\":\"https:\\\/\\\/www.ph7foodtech.com\\\/wp-content\\\/uploads\\\/2025\\\/04\\\/Mobile-IFS-2.jpg\",\"contentUrl\":\"https:\\\/\\\/www.ph7foodtech.com\\\/wp-content\\\/uploads\\\/2025\\\/04\\\/Mobile-IFS-2.jpg\",\"width\":1200,\"height\":627},{\"@type\":\"BreadcrumbList\",\"@id\":\"https:\\\/\\\/www.ph7foodtech.com\\\/es\\\/blog\\\/certificacion-ifs-conseguida-un-nuevo-hito-que-compartimos-contigo\\\/#breadcrumb\",\"itemListElement\":[{\"@type\":\"ListItem\",\"position\":1,\"name\":\"Portada\",\"item\":\"https:\\\/\\\/www.ph7foodtech.com\\\/es\\\/\"},{\"@type\":\"ListItem\",\"position\":2,\"name\":\"Certificaci\u00f3n IFS conseguida: un nuevo hito que compartimos contigo\"}]},{\"@type\":\"WebSite\",\"@id\":\"https:\\\/\\\/www.ph7foodtech.com\\\/es\\\/#website\",\"url\":\"https:\\\/\\\/www.ph7foodtech.com\\\/es\\\/\",\"name\":\"PH7 Food Tech\",\"description\":\"\",\"publisher\":{\"@id\":\"https:\\\/\\\/www.ph7foodtech.com\\\/es\\\/#organization\"},\"potentialAction\":[{\"@type\":\"SearchAction\",\"target\":{\"@type\":\"EntryPoint\",\"urlTemplate\":\"https:\\\/\\\/www.ph7foodtech.com\\\/es\\\/?s={search_term_string}\"},\"query-input\":{\"@type\":\"PropertyValueSpecification\",\"valueRequired\":true,\"valueName\":\"search_term_string\"}}],\"inLanguage\":\"es\"},{\"@type\":\"Organization\",\"@id\":\"https:\\\/\\\/www.ph7foodtech.com\\\/es\\\/#organization\",\"name\":\"PH7 Food Tech\",\"url\":\"https:\\\/\\\/www.ph7foodtech.com\\\/es\\\/\",\"logo\":{\"@type\":\"ImageObject\",\"inLanguage\":\"es\",\"@id\":\"https:\\\/\\\/www.ph7foodtech.com\\\/es\\\/#\\\/schema\\\/logo\\\/image\\\/\",\"url\":\"https:\\\/\\\/www.ph7foodtech.com\\\/wp-content\\\/uploads\\\/2025\\\/08\\\/PH7-logo-Sand-Negativo.svg\",\"contentUrl\":\"https:\\\/\\\/www.ph7foodtech.com\\\/wp-content\\\/uploads\\\/2025\\\/08\\\/PH7-logo-Sand-Negativo.svg\",\"width\":841,\"height\":595,\"caption\":\"PH7 Food Tech\"},\"image\":{\"@id\":\"https:\\\/\\\/www.ph7foodtech.com\\\/es\\\/#\\\/schema\\\/logo\\\/image\\\/\"}},{\"@type\":\"Person\",\"@id\":\"https:\\\/\\\/www.ph7foodtech.com\\\/es\\\/#\\\/schema\\\/person\\\/314fb358838af36368410c869dc20633\",\"name\":\"Miriam Calv\u00f3\",\"image\":{\"@type\":\"ImageObject\",\"inLanguage\":\"es\",\"@id\":\"https:\\\/\\\/secure.gravatar.com\\\/avatar\\\/9541e5f8b8c09288b0f136df9756eb8fd37cc072eb2e25435310b417e56f5372?s=96&d=mm&r=g\",\"url\":\"https:\\\/\\\/secure.gravatar.com\\\/avatar\\\/9541e5f8b8c09288b0f136df9756eb8fd37cc072eb2e25435310b417e56f5372?s=96&d=mm&r=g\",\"contentUrl\":\"https:\\\/\\\/secure.gravatar.com\\\/avatar\\\/9541e5f8b8c09288b0f136df9756eb8fd37cc072eb2e25435310b417e56f5372?s=96&d=mm&r=g\",\"caption\":\"Miriam Calv\u00f3\"},\"url\":\"https:\\\/\\\/www.ph7foodtech.com\\\/es\\\/blog\\\/author\\\/miriam\\\/\"}]}<\/script>\n<!-- \/ Yoast SEO plugin. -->","yoast_head_json":{"title":"Certificaci\u00f3n IFS conseguida: un nuevo hito que compartimos contigo - PH7 Food Tech","robots":{"index":"index","follow":"follow","max-snippet":"max-snippet:-1","max-image-preview":"max-image-preview:large","max-video-preview":"max-video-preview:-1"},"canonical":"https:\/\/www.ph7foodtech.com\/es\/blog\/certificacion-ifs-conseguida-un-nuevo-hito-que-compartimos-contigo\/","og_locale":"es_ES","og_type":"article","og_title":"Certificaci\u00f3n IFS conseguida: un nuevo hito que compartimos contigo - PH7 Food Tech","og_description":"En PH7 estamos orgullosos de compartir una noticia que representa un paso muy importante para nosotros: nuestra Planta Alimentaria ha [&hellip;]","og_url":"https:\/\/www.ph7foodtech.com\/es\/blog\/certificacion-ifs-conseguida-un-nuevo-hito-que-compartimos-contigo\/","og_site_name":"PH7 Food Tech","article_published_time":"2025-09-03T08:17:48+00:00","article_modified_time":"2025-09-10T14:08:56+00:00","og_image":[{"width":1200,"height":627,"url":"https:\/\/www.ph7foodtech.com\/wp-content\/uploads\/2025\/04\/Mobile-IFS-2.jpg","type":"image\/jpeg"}],"author":"Miriam Calv\u00f3","twitter_card":"summary_large_image","twitter_misc":{"Escrito por":"Miriam Calv\u00f3","Tiempo de lectura":"1 minuto"},"schema":{"@context":"https:\/\/schema.org","@graph":[{"@type":"Article","@id":"https:\/\/www.ph7foodtech.com\/es\/blog\/certificacion-ifs-conseguida-un-nuevo-hito-que-compartimos-contigo\/#article","isPartOf":{"@id":"https:\/\/www.ph7foodtech.com\/es\/blog\/certificacion-ifs-conseguida-un-nuevo-hito-que-compartimos-contigo\/"},"author":{"name":"Miriam Calv\u00f3","@id":"https:\/\/www.ph7foodtech.com\/es\/#\/schema\/person\/314fb358838af36368410c869dc20633"},"headline":"Certificaci\u00f3n IFS conseguida: un nuevo hito que compartimos contigo","datePublished":"2025-09-03T08:17:48+00:00","dateModified":"2025-09-10T14:08:56+00:00","mainEntityOfPage":{"@id":"https:\/\/www.ph7foodtech.com\/es\/blog\/certificacion-ifs-conseguida-un-nuevo-hito-que-compartimos-contigo\/"},"wordCount":150,"commentCount":0,"publisher":{"@id":"https:\/\/www.ph7foodtech.com\/es\/#organization"},"image":{"@id":"https:\/\/www.ph7foodtech.com\/es\/blog\/certificacion-ifs-conseguida-un-nuevo-hito-que-compartimos-contigo\/#primaryimage"},"thumbnailUrl":"https:\/\/www.ph7foodtech.com\/wp-content\/uploads\/2025\/04\/Mobile-IFS-2.jpg","inLanguage":"es","potentialAction":[{"@type":"CommentAction","name":"Comment","target":["https:\/\/www.ph7foodtech.com\/es\/blog\/certificacion-ifs-conseguida-un-nuevo-hito-que-compartimos-contigo\/#respond"]}]},{"@type":"WebPage","@id":"https:\/\/www.ph7foodtech.com\/es\/blog\/certificacion-ifs-conseguida-un-nuevo-hito-que-compartimos-contigo\/","url":"https:\/\/www.ph7foodtech.com\/es\/blog\/certificacion-ifs-conseguida-un-nuevo-hito-que-compartimos-contigo\/","name":"Certificaci\u00f3n IFS conseguida: un nuevo hito que compartimos contigo - PH7 Food Tech","isPartOf":{"@id":"https:\/\/www.ph7foodtech.com\/es\/#website"},"primaryImageOfPage":{"@id":"https:\/\/www.ph7foodtech.com\/es\/blog\/certificacion-ifs-conseguida-un-nuevo-hito-que-compartimos-contigo\/#primaryimage"},"image":{"@id":"https:\/\/www.ph7foodtech.com\/es\/blog\/certificacion-ifs-conseguida-un-nuevo-hito-que-compartimos-contigo\/#primaryimage"},"thumbnailUrl":"https:\/\/www.ph7foodtech.com\/wp-content\/uploads\/2025\/04\/Mobile-IFS-2.jpg","datePublished":"2025-09-03T08:17:48+00:00","dateModified":"2025-09-10T14:08:56+00:00","breadcrumb":{"@id":"https:\/\/www.ph7foodtech.com\/es\/blog\/certificacion-ifs-conseguida-un-nuevo-hito-que-compartimos-contigo\/#breadcrumb"},"inLanguage":"es","potentialAction":[{"@type":"ReadAction","target":["https:\/\/www.ph7foodtech.com\/es\/blog\/certificacion-ifs-conseguida-un-nuevo-hito-que-compartimos-contigo\/"]}]},{"@type":"ImageObject","inLanguage":"es","@id":"https:\/\/www.ph7foodtech.com\/es\/blog\/certificacion-ifs-conseguida-un-nuevo-hito-que-compartimos-contigo\/#primaryimage","url":"https:\/\/www.ph7foodtech.com\/wp-content\/uploads\/2025\/04\/Mobile-IFS-2.jpg","contentUrl":"https:\/\/www.ph7foodtech.com\/wp-content\/uploads\/2025\/04\/Mobile-IFS-2.jpg","width":1200,"height":627},{"@type":"BreadcrumbList","@id":"https:\/\/www.ph7foodtech.com\/es\/blog\/certificacion-ifs-conseguida-un-nuevo-hito-que-compartimos-contigo\/#breadcrumb","itemListElement":[{"@type":"ListItem","position":1,"name":"Portada","item":"https:\/\/www.ph7foodtech.com\/es\/"},{"@type":"ListItem","position":2,"name":"Certificaci\u00f3n IFS conseguida: un nuevo hito que compartimos contigo"}]},{"@type":"WebSite","@id":"https:\/\/www.ph7foodtech.com\/es\/#website","url":"https:\/\/www.ph7foodtech.com\/es\/","name":"PH7 Food Tech","description":"","publisher":{"@id":"https:\/\/www.ph7foodtech.com\/es\/#organization"},"potentialAction":[{"@type":"SearchAction","target":{"@type":"EntryPoint","urlTemplate":"https:\/\/www.ph7foodtech.com\/es\/?s={search_term_string}"},"query-input":{"@type":"PropertyValueSpecification","valueRequired":true,"valueName":"search_term_string"}}],"inLanguage":"es"},{"@type":"Organization","@id":"https:\/\/www.ph7foodtech.com\/es\/#organization","name":"PH7 Food Tech","url":"https:\/\/www.ph7foodtech.com\/es\/","logo":{"@type":"ImageObject","inLanguage":"es","@id":"https:\/\/www.ph7foodtech.com\/es\/#\/schema\/logo\/image\/","url":"https:\/\/www.ph7foodtech.com\/wp-content\/uploads\/2025\/08\/PH7-logo-Sand-Negativo.svg","contentUrl":"https:\/\/www.ph7foodtech.com\/wp-content\/uploads\/2025\/08\/PH7-logo-Sand-Negativo.svg","width":841,"height":595,"caption":"PH7 Food Tech"},"image":{"@id":"https:\/\/www.ph7foodtech.com\/es\/#\/schema\/logo\/image\/"}},{"@type":"Person","@id":"https:\/\/www.ph7foodtech.com\/es\/#\/schema\/person\/314fb358838af36368410c869dc20633","name":"Miriam Calv\u00f3","image":{"@type":"ImageObject","inLanguage":"es","@id":"https:\/\/secure.gravatar.com\/avatar\/9541e5f8b8c09288b0f136df9756eb8fd37cc072eb2e25435310b417e56f5372?s=96&d=mm&r=g","url":"https:\/\/secure.gravatar.com\/avatar\/9541e5f8b8c09288b0f136df9756eb8fd37cc072eb2e25435310b417e56f5372?s=96&d=mm&r=g","contentUrl":"https:\/\/secure.gravatar.com\/avatar\/9541e5f8b8c09288b0f136df9756eb8fd37cc072eb2e25435310b417e56f5372?s=96&d=mm&r=g","caption":"Miriam Calv\u00f3"},"url":"https:\/\/www.ph7foodtech.com\/es\/blog\/author\/miriam\/"}]}},"_links":{"self":[{"href":"https:\/\/www.ph7foodtech.com\/es\/wp-json\/wp\/v2\/posts\/7613","targetHints":{"allow":["GET"]}}],"collection":[{"href":"https:\/\/www.ph7foodtech.com\/es\/wp-json\/wp\/v2\/posts"}],"about":[{"href":"https:\/\/www.ph7foodtech.com\/es\/wp-json\/wp\/v2\/types\/post"}],"author":[{"embeddable":true,"href":"https:\/\/www.ph7foodtech.com\/es\/wp-json\/wp\/v2\/users\/3"}],"replies":[{"embeddable":true,"href":"https:\/\/www.ph7foodtech.com\/es\/wp-json\/wp\/v2\/comments?post=7613"}],"version-history":[{"count":10,"href":"https:\/\/www.ph7foodtech.com\/es\/wp-json\/wp\/v2\/posts\/7613\/revisions"}],"predecessor-version":[{"id":7679,"href":"https:\/\/www.ph7foodtech.com\/es\/wp-json\/wp\/v2\/posts\/7613\/revisions\/7679"}],"wp:featuredmedia":[{"embeddable":true,"href":"https:\/\/www.ph7foodtech.com\/es\/wp-json\/wp\/v2\/media\/7676"}],"wp:attachment":[{"href":"https:\/\/www.ph7foodtech.com\/es\/wp-json\/wp\/v2\/media?parent=7613"}],"wp:term":[{"taxonomy":"category","embeddable":true,"href":"https:\/\/www.ph7foodtech.com\/es\/wp-json\/wp\/v2\/categories?post=7613"},{"taxonomy":"post_tag","embeddable":true,"href":"https:\/\/www.ph7foodtech.com\/es\/wp-json\/wp\/v2\/tags?post=7613"}],"curies":[{"name":"wp","href":"https:\/\/api.w.org\/{rel}","templated":true}]}}