{"id":5246,"date":"2018-09-19T16:23:18","date_gmt":"2018-09-19T16:23:18","guid":{"rendered":"https:\/\/www.ph7foodtech.com\/?p=943"},"modified":"2025-05-30T00:03:23","modified_gmt":"2025-05-29T22:03:23","slug":"barcelonesa-andina-estara-presente-en-la-expoalimentaria-2018","status":"publish","type":"post","link":"https:\/\/www.ph7foodtech.com\/es\/blog\/barcelonesa-andina-estara-presente-en-la-expoalimentaria-2018\/","title":{"rendered":"Barcelonesa Andina estar\u00e1 presente en la Expoalimentaria 2018."},"content":{"rendered":"\n<p>Parte del equipo de Barcelonesa Andina -empresa responsable de distribuir los productos de pH7 Food Technology en Per\u00fa- asistir\u00e1 a la feria Expoalimentaria que se celebrar\u00e1 en Lima durante los pr\u00f3ximos d\u00edas 26-28 de septiembre.<\/p>\n\n\n\n<p>Con m\u00e1s de 45.090 visitantes profesionales y 659 empresas que exhibir\u00e1n sus productos, esta feria se constituye como la principal plataforma de negocios internacional del sector alimentaci\u00f3n m\u00e1s importante de Latinoam\u00e9rica. Est\u00e1 considerada como el punto de encuentro internacional de empresas exportadoras y compradores. Adem\u00e1s, Per\u00fa cuenta con m\u00e1s de 21 acuerdos comerciales con las principales econom\u00edas mundiales y las exportaciones peruanas agropecuarias y agr\u00edcolas llegan a 141 mercados.<\/p>\n\n\n\n<p>Si est\u00e1s interesado en alguno de nuestros productos, no dudes en contactar con <a href=\"https:\/\/www.linkedin.com\/in\/mireia-taul%C3%A9-argenter-335506137\/\">Mireia Taul\u00e9<\/a>&nbsp;o <a href=\"https:\/\/www.linkedin.com\/in\/mar%C3%ADa-teresa-rivera-seminario-1003511b\/\">Mar\u00eda Teresa Rivera<\/a>. Tambi\u00e9n puedes visitar&nbsp;nuestra web: <a href=\"http:\/\/www.barcelonesaandina.com\/\">http:\/\/www.barcelonesaandina.com\/<\/a><br><\/p>\n","protected":false},"excerpt":{"rendered":"<p>Parte del equipo de Barcelonesa Andina -empresa responsable de distribuir los productos de pH7 Food Technology en Per\u00fa- asistir\u00e1 a [&hellip;]<\/p>\n","protected":false},"author":1,"featured_media":1532,"comment_status":"open","ping_status":"open","sticky":false,"template":"","format":"standard","meta":{"site-sidebar-layout":"default","site-content-layout":"","ast-site-content-layout":"","site-content-style":"default","site-sidebar-style":"default","ast-global-header-display":"","ast-banner-title-visibility":"","ast-main-header-display":"","ast-hfb-above-header-display":"","ast-hfb-below-header-display":"","ast-hfb-mobile-header-display":"","site-post-title":"","ast-breadcrumbs-content":"","ast-featured-img":"","footer-sml-layout":"","theme-transparent-header-meta":"","adv-header-id-meta":"","stick-header-meta":"","header-above-stick-meta":"","header-main-stick-meta":"","header-below-stick-meta":"","astra-migrate-meta-layouts":"default","ast-page-background-enabled":"default","ast-page-background-meta":{"desktop":{"background-color":"var(--ast-global-color-5)","background-image":"","background-repeat":"repeat","background-position":"center center","background-size":"auto","background-attachment":"scroll","background-type":"","background-media":"","overlay-type":"","overlay-color":"","overlay-opacity":"","overlay-gradient":""},"tablet":{"background-color":"","background-image":"","background-repeat":"repeat","background-position":"center center","background-size":"auto","background-attachment":"scroll","background-type":"","background-media":"","overlay-type":"","overlay-color":"","overlay-opacity":"","overlay-gradient":""},"mobile":{"background-color":"","background-image":"","background-repeat":"repeat","background-position":"center center","background-size":"auto","background-attachment":"scroll","background-type":"","background-media":"","overlay-type":"","overlay-color":"","overlay-opacity":"","overlay-gradient":""}},"ast-content-background-meta":{"desktop":{"background-color":"var(--ast-global-color-4)","background-image":"","background-repeat":"repeat","background-position":"center center","background-size":"auto","background-attachment":"scroll","background-type":"","background-media":"","overlay-type":"","overlay-color":"","overlay-opacity":"","overlay-gradient":""},"tablet":{"background-color":"var(--ast-global-color-4)","background-image":"","background-repeat":"repeat","background-position":"center center","background-size":"auto","background-attachment":"scroll","background-type":"","background-media":"","overlay-type":"","overlay-color":"","overlay-opacity":"","overlay-gradient":""},"mobile":{"background-color":"var(--ast-global-color-4)","background-image":"","background-repeat":"repeat","background-position":"center center","background-size":"auto","background-attachment":"scroll","background-type":"","background-media":"","overlay-type":"","overlay-color":"","overlay-opacity":"","overlay-gradient":""}},"footnotes":""},"categories":[44],"tags":[],"class_list":["post-5246","post","type-post","status-publish","format-standard","has-post-thumbnail","hentry","category-sin-categorizar-2"],"yoast_head":"<!-- This site is optimized with the Yoast SEO plugin v27.5 - https:\/\/yoast.com\/product\/yoast-seo-wordpress\/ -->\n<title>Barcelonesa Andina estar\u00e1 presente en la Expoalimentaria 2018. - PH7 Food Tech<\/title>\n<meta name=\"robots\" content=\"index, follow, max-snippet:-1, max-image-preview:large, max-video-preview:-1\" \/>\n<link rel=\"canonical\" href=\"https:\/\/www.ph7foodtech.com\/es\/blog\/barcelonesa-andina-estara-presente-en-la-expoalimentaria-2018\/\" \/>\n<meta property=\"og:locale\" content=\"es_ES\" \/>\n<meta property=\"og:type\" content=\"article\" \/>\n<meta property=\"og:title\" content=\"Barcelonesa Andina estar\u00e1 presente en la Expoalimentaria 2018. - PH7 Food Tech\" \/>\n<meta property=\"og:description\" content=\"Parte del equipo de Barcelonesa Andina -empresa responsable de distribuir los productos de pH7 Food Technology en Per\u00fa- asistir\u00e1 a [&hellip;]\" \/>\n<meta property=\"og:url\" content=\"https:\/\/www.ph7foodtech.com\/es\/blog\/barcelonesa-andina-estara-presente-en-la-expoalimentaria-2018\/\" \/>\n<meta property=\"og:site_name\" content=\"PH7 Food Tech\" \/>\n<meta property=\"article:published_time\" content=\"2018-09-19T16:23:18+00:00\" \/>\n<meta property=\"article:modified_time\" content=\"2025-05-29T22:03:23+00:00\" \/>\n<meta property=\"og:image\" content=\"https:\/\/www.ph7foodtech.com\/wp-content\/uploads\/2020\/03\/feria-expoalimentaria.jpg\" \/>\n\t<meta property=\"og:image:width\" content=\"1000\" \/>\n\t<meta property=\"og:image:height\" content=\"667\" \/>\n\t<meta property=\"og:image:type\" content=\"image\/jpeg\" \/>\n<meta name=\"author\" content=\"Toni Lopez Buxo\" \/>\n<meta name=\"twitter:card\" content=\"summary_large_image\" \/>\n<meta name=\"twitter:label1\" content=\"Escrito por\" \/>\n\t<meta name=\"twitter:data1\" content=\"Toni Lopez Buxo\" \/>\n\t<meta name=\"twitter:label2\" content=\"Tiempo de lectura\" \/>\n\t<meta name=\"twitter:data2\" content=\"1 minuto\" \/>\n<script type=\"application\/ld+json\" class=\"yoast-schema-graph\">{\"@context\":\"https:\\\/\\\/schema.org\",\"@graph\":[{\"@type\":\"Article\",\"@id\":\"https:\\\/\\\/www.ph7foodtech.com\\\/es\\\/blog\\\/barcelonesa-andina-estara-presente-en-la-expoalimentaria-2018\\\/#article\",\"isPartOf\":{\"@id\":\"https:\\\/\\\/www.ph7foodtech.com\\\/es\\\/blog\\\/barcelonesa-andina-estara-presente-en-la-expoalimentaria-2018\\\/\"},\"author\":{\"name\":\"Toni Lopez Buxo\",\"@id\":\"https:\\\/\\\/www.ph7foodtech.com\\\/es\\\/#\\\/schema\\\/person\\\/61beb87190c16914a9da186ed4dbe09a\"},\"headline\":\"Barcelonesa Andina estar\u00e1 presente en la Expoalimentaria 2018.\",\"datePublished\":\"2018-09-19T16:23:18+00:00\",\"dateModified\":\"2025-05-29T22:03:23+00:00\",\"mainEntityOfPage\":{\"@id\":\"https:\\\/\\\/www.ph7foodtech.com\\\/es\\\/blog\\\/barcelonesa-andina-estara-presente-en-la-expoalimentaria-2018\\\/\"},\"wordCount\":152,\"commentCount\":0,\"publisher\":{\"@id\":\"https:\\\/\\\/www.ph7foodtech.com\\\/es\\\/#organization\"},\"image\":{\"@id\":\"https:\\\/\\\/www.ph7foodtech.com\\\/es\\\/blog\\\/barcelonesa-andina-estara-presente-en-la-expoalimentaria-2018\\\/#primaryimage\"},\"thumbnailUrl\":\"https:\\\/\\\/www.ph7foodtech.com\\\/wp-content\\\/uploads\\\/2020\\\/03\\\/feria-expoalimentaria.jpg\",\"articleSection\":[\"Sin categorizar\"],\"inLanguage\":\"es\",\"potentialAction\":[{\"@type\":\"CommentAction\",\"name\":\"Comment\",\"target\":[\"https:\\\/\\\/www.ph7foodtech.com\\\/es\\\/blog\\\/barcelonesa-andina-estara-presente-en-la-expoalimentaria-2018\\\/#respond\"]}]},{\"@type\":\"WebPage\",\"@id\":\"https:\\\/\\\/www.ph7foodtech.com\\\/es\\\/blog\\\/barcelonesa-andina-estara-presente-en-la-expoalimentaria-2018\\\/\",\"url\":\"https:\\\/\\\/www.ph7foodtech.com\\\/es\\\/blog\\\/barcelonesa-andina-estara-presente-en-la-expoalimentaria-2018\\\/\",\"name\":\"Barcelonesa Andina estar\u00e1 presente en la Expoalimentaria 2018. - PH7 Food Tech\",\"isPartOf\":{\"@id\":\"https:\\\/\\\/www.ph7foodtech.com\\\/es\\\/#website\"},\"primaryImageOfPage\":{\"@id\":\"https:\\\/\\\/www.ph7foodtech.com\\\/es\\\/blog\\\/barcelonesa-andina-estara-presente-en-la-expoalimentaria-2018\\\/#primaryimage\"},\"image\":{\"@id\":\"https:\\\/\\\/www.ph7foodtech.com\\\/es\\\/blog\\\/barcelonesa-andina-estara-presente-en-la-expoalimentaria-2018\\\/#primaryimage\"},\"thumbnailUrl\":\"https:\\\/\\\/www.ph7foodtech.com\\\/wp-content\\\/uploads\\\/2020\\\/03\\\/feria-expoalimentaria.jpg\",\"datePublished\":\"2018-09-19T16:23:18+00:00\",\"dateModified\":\"2025-05-29T22:03:23+00:00\",\"breadcrumb\":{\"@id\":\"https:\\\/\\\/www.ph7foodtech.com\\\/es\\\/blog\\\/barcelonesa-andina-estara-presente-en-la-expoalimentaria-2018\\\/#breadcrumb\"},\"inLanguage\":\"es\",\"potentialAction\":[{\"@type\":\"ReadAction\",\"target\":[\"https:\\\/\\\/www.ph7foodtech.com\\\/es\\\/blog\\\/barcelonesa-andina-estara-presente-en-la-expoalimentaria-2018\\\/\"]}]},{\"@type\":\"ImageObject\",\"inLanguage\":\"es\",\"@id\":\"https:\\\/\\\/www.ph7foodtech.com\\\/es\\\/blog\\\/barcelonesa-andina-estara-presente-en-la-expoalimentaria-2018\\\/#primaryimage\",\"url\":\"https:\\\/\\\/www.ph7foodtech.com\\\/wp-content\\\/uploads\\\/2020\\\/03\\\/feria-expoalimentaria.jpg\",\"contentUrl\":\"https:\\\/\\\/www.ph7foodtech.com\\\/wp-content\\\/uploads\\\/2020\\\/03\\\/feria-expoalimentaria.jpg\",\"width\":1000,\"height\":667},{\"@type\":\"BreadcrumbList\",\"@id\":\"https:\\\/\\\/www.ph7foodtech.com\\\/es\\\/blog\\\/barcelonesa-andina-estara-presente-en-la-expoalimentaria-2018\\\/#breadcrumb\",\"itemListElement\":[{\"@type\":\"ListItem\",\"position\":1,\"name\":\"Portada\",\"item\":\"https:\\\/\\\/www.ph7foodtech.com\\\/es\\\/\"},{\"@type\":\"ListItem\",\"position\":2,\"name\":\"Barcelonesa Andina estar\u00e1 presente en la Expoalimentaria 2018.\"}]},{\"@type\":\"WebSite\",\"@id\":\"https:\\\/\\\/www.ph7foodtech.com\\\/es\\\/#website\",\"url\":\"https:\\\/\\\/www.ph7foodtech.com\\\/es\\\/\",\"name\":\"PH7 Food Tech\",\"description\":\"\",\"publisher\":{\"@id\":\"https:\\\/\\\/www.ph7foodtech.com\\\/es\\\/#organization\"},\"potentialAction\":[{\"@type\":\"SearchAction\",\"target\":{\"@type\":\"EntryPoint\",\"urlTemplate\":\"https:\\\/\\\/www.ph7foodtech.com\\\/es\\\/?s={search_term_string}\"},\"query-input\":{\"@type\":\"PropertyValueSpecification\",\"valueRequired\":true,\"valueName\":\"search_term_string\"}}],\"inLanguage\":\"es\"},{\"@type\":\"Organization\",\"@id\":\"https:\\\/\\\/www.ph7foodtech.com\\\/es\\\/#organization\",\"name\":\"PH7 Food Tech\",\"url\":\"https:\\\/\\\/www.ph7foodtech.com\\\/es\\\/\",\"logo\":{\"@type\":\"ImageObject\",\"inLanguage\":\"es\",\"@id\":\"https:\\\/\\\/www.ph7foodtech.com\\\/es\\\/#\\\/schema\\\/logo\\\/image\\\/\",\"url\":\"https:\\\/\\\/www.ph7foodtech.com\\\/wp-content\\\/uploads\\\/2025\\\/08\\\/PH7-logo-Sand-Negativo.svg\",\"contentUrl\":\"https:\\\/\\\/www.ph7foodtech.com\\\/wp-content\\\/uploads\\\/2025\\\/08\\\/PH7-logo-Sand-Negativo.svg\",\"width\":841,\"height\":595,\"caption\":\"PH7 Food Tech\"},\"image\":{\"@id\":\"https:\\\/\\\/www.ph7foodtech.com\\\/es\\\/#\\\/schema\\\/logo\\\/image\\\/\"}},{\"@type\":\"Person\",\"@id\":\"https:\\\/\\\/www.ph7foodtech.com\\\/es\\\/#\\\/schema\\\/person\\\/61beb87190c16914a9da186ed4dbe09a\",\"name\":\"Toni Lopez Buxo\",\"image\":{\"@type\":\"ImageObject\",\"inLanguage\":\"es\",\"@id\":\"https:\\\/\\\/secure.gravatar.com\\\/avatar\\\/93107b4a0f4e0facb9d415035200818c42209f6308b49223fe0135b817a9b276?s=96&d=mm&r=g\",\"url\":\"https:\\\/\\\/secure.gravatar.com\\\/avatar\\\/93107b4a0f4e0facb9d415035200818c42209f6308b49223fe0135b817a9b276?s=96&d=mm&r=g\",\"contentUrl\":\"https:\\\/\\\/secure.gravatar.com\\\/avatar\\\/93107b4a0f4e0facb9d415035200818c42209f6308b49223fe0135b817a9b276?s=96&d=mm&r=g\",\"caption\":\"Toni Lopez Buxo\"},\"sameAs\":[\"https:\\\/\\\/ph7-a1.c.wetopi.com\"],\"url\":\"https:\\\/\\\/www.ph7foodtech.com\\\/es\\\/blog\\\/author\\\/toni-lopez-buxo\\\/\"}]}<\/script>\n<!-- \/ Yoast SEO plugin. -->","yoast_head_json":{"title":"Barcelonesa Andina estar\u00e1 presente en la Expoalimentaria 2018. - PH7 Food Tech","robots":{"index":"index","follow":"follow","max-snippet":"max-snippet:-1","max-image-preview":"max-image-preview:large","max-video-preview":"max-video-preview:-1"},"canonical":"https:\/\/www.ph7foodtech.com\/es\/blog\/barcelonesa-andina-estara-presente-en-la-expoalimentaria-2018\/","og_locale":"es_ES","og_type":"article","og_title":"Barcelonesa Andina estar\u00e1 presente en la Expoalimentaria 2018. - PH7 Food Tech","og_description":"Parte del equipo de Barcelonesa Andina -empresa responsable de distribuir los productos de pH7 Food Technology en Per\u00fa- asistir\u00e1 a [&hellip;]","og_url":"https:\/\/www.ph7foodtech.com\/es\/blog\/barcelonesa-andina-estara-presente-en-la-expoalimentaria-2018\/","og_site_name":"PH7 Food Tech","article_published_time":"2018-09-19T16:23:18+00:00","article_modified_time":"2025-05-29T22:03:23+00:00","og_image":[{"width":1000,"height":667,"url":"https:\/\/www.ph7foodtech.com\/wp-content\/uploads\/2020\/03\/feria-expoalimentaria.jpg","type":"image\/jpeg"}],"author":"Toni Lopez Buxo","twitter_card":"summary_large_image","twitter_misc":{"Escrito por":"Toni Lopez Buxo","Tiempo de lectura":"1 minuto"},"schema":{"@context":"https:\/\/schema.org","@graph":[{"@type":"Article","@id":"https:\/\/www.ph7foodtech.com\/es\/blog\/barcelonesa-andina-estara-presente-en-la-expoalimentaria-2018\/#article","isPartOf":{"@id":"https:\/\/www.ph7foodtech.com\/es\/blog\/barcelonesa-andina-estara-presente-en-la-expoalimentaria-2018\/"},"author":{"name":"Toni Lopez Buxo","@id":"https:\/\/www.ph7foodtech.com\/es\/#\/schema\/person\/61beb87190c16914a9da186ed4dbe09a"},"headline":"Barcelonesa Andina estar\u00e1 presente en la Expoalimentaria 2018.","datePublished":"2018-09-19T16:23:18+00:00","dateModified":"2025-05-29T22:03:23+00:00","mainEntityOfPage":{"@id":"https:\/\/www.ph7foodtech.com\/es\/blog\/barcelonesa-andina-estara-presente-en-la-expoalimentaria-2018\/"},"wordCount":152,"commentCount":0,"publisher":{"@id":"https:\/\/www.ph7foodtech.com\/es\/#organization"},"image":{"@id":"https:\/\/www.ph7foodtech.com\/es\/blog\/barcelonesa-andina-estara-presente-en-la-expoalimentaria-2018\/#primaryimage"},"thumbnailUrl":"https:\/\/www.ph7foodtech.com\/wp-content\/uploads\/2020\/03\/feria-expoalimentaria.jpg","articleSection":["Sin categorizar"],"inLanguage":"es","potentialAction":[{"@type":"CommentAction","name":"Comment","target":["https:\/\/www.ph7foodtech.com\/es\/blog\/barcelonesa-andina-estara-presente-en-la-expoalimentaria-2018\/#respond"]}]},{"@type":"WebPage","@id":"https:\/\/www.ph7foodtech.com\/es\/blog\/barcelonesa-andina-estara-presente-en-la-expoalimentaria-2018\/","url":"https:\/\/www.ph7foodtech.com\/es\/blog\/barcelonesa-andina-estara-presente-en-la-expoalimentaria-2018\/","name":"Barcelonesa Andina estar\u00e1 presente en la Expoalimentaria 2018. - PH7 Food Tech","isPartOf":{"@id":"https:\/\/www.ph7foodtech.com\/es\/#website"},"primaryImageOfPage":{"@id":"https:\/\/www.ph7foodtech.com\/es\/blog\/barcelonesa-andina-estara-presente-en-la-expoalimentaria-2018\/#primaryimage"},"image":{"@id":"https:\/\/www.ph7foodtech.com\/es\/blog\/barcelonesa-andina-estara-presente-en-la-expoalimentaria-2018\/#primaryimage"},"thumbnailUrl":"https:\/\/www.ph7foodtech.com\/wp-content\/uploads\/2020\/03\/feria-expoalimentaria.jpg","datePublished":"2018-09-19T16:23:18+00:00","dateModified":"2025-05-29T22:03:23+00:00","breadcrumb":{"@id":"https:\/\/www.ph7foodtech.com\/es\/blog\/barcelonesa-andina-estara-presente-en-la-expoalimentaria-2018\/#breadcrumb"},"inLanguage":"es","potentialAction":[{"@type":"ReadAction","target":["https:\/\/www.ph7foodtech.com\/es\/blog\/barcelonesa-andina-estara-presente-en-la-expoalimentaria-2018\/"]}]},{"@type":"ImageObject","inLanguage":"es","@id":"https:\/\/www.ph7foodtech.com\/es\/blog\/barcelonesa-andina-estara-presente-en-la-expoalimentaria-2018\/#primaryimage","url":"https:\/\/www.ph7foodtech.com\/wp-content\/uploads\/2020\/03\/feria-expoalimentaria.jpg","contentUrl":"https:\/\/www.ph7foodtech.com\/wp-content\/uploads\/2020\/03\/feria-expoalimentaria.jpg","width":1000,"height":667},{"@type":"BreadcrumbList","@id":"https:\/\/www.ph7foodtech.com\/es\/blog\/barcelonesa-andina-estara-presente-en-la-expoalimentaria-2018\/#breadcrumb","itemListElement":[{"@type":"ListItem","position":1,"name":"Portada","item":"https:\/\/www.ph7foodtech.com\/es\/"},{"@type":"ListItem","position":2,"name":"Barcelonesa Andina estar\u00e1 presente en la Expoalimentaria 2018."}]},{"@type":"WebSite","@id":"https:\/\/www.ph7foodtech.com\/es\/#website","url":"https:\/\/www.ph7foodtech.com\/es\/","name":"PH7 Food Tech","description":"","publisher":{"@id":"https:\/\/www.ph7foodtech.com\/es\/#organization"},"potentialAction":[{"@type":"SearchAction","target":{"@type":"EntryPoint","urlTemplate":"https:\/\/www.ph7foodtech.com\/es\/?s={search_term_string}"},"query-input":{"@type":"PropertyValueSpecification","valueRequired":true,"valueName":"search_term_string"}}],"inLanguage":"es"},{"@type":"Organization","@id":"https:\/\/www.ph7foodtech.com\/es\/#organization","name":"PH7 Food Tech","url":"https:\/\/www.ph7foodtech.com\/es\/","logo":{"@type":"ImageObject","inLanguage":"es","@id":"https:\/\/www.ph7foodtech.com\/es\/#\/schema\/logo\/image\/","url":"https:\/\/www.ph7foodtech.com\/wp-content\/uploads\/2025\/08\/PH7-logo-Sand-Negativo.svg","contentUrl":"https:\/\/www.ph7foodtech.com\/wp-content\/uploads\/2025\/08\/PH7-logo-Sand-Negativo.svg","width":841,"height":595,"caption":"PH7 Food Tech"},"image":{"@id":"https:\/\/www.ph7foodtech.com\/es\/#\/schema\/logo\/image\/"}},{"@type":"Person","@id":"https:\/\/www.ph7foodtech.com\/es\/#\/schema\/person\/61beb87190c16914a9da186ed4dbe09a","name":"Toni Lopez Buxo","image":{"@type":"ImageObject","inLanguage":"es","@id":"https:\/\/secure.gravatar.com\/avatar\/93107b4a0f4e0facb9d415035200818c42209f6308b49223fe0135b817a9b276?s=96&d=mm&r=g","url":"https:\/\/secure.gravatar.com\/avatar\/93107b4a0f4e0facb9d415035200818c42209f6308b49223fe0135b817a9b276?s=96&d=mm&r=g","contentUrl":"https:\/\/secure.gravatar.com\/avatar\/93107b4a0f4e0facb9d415035200818c42209f6308b49223fe0135b817a9b276?s=96&d=mm&r=g","caption":"Toni Lopez Buxo"},"sameAs":["https:\/\/ph7-a1.c.wetopi.com"],"url":"https:\/\/www.ph7foodtech.com\/es\/blog\/author\/toni-lopez-buxo\/"}]}},"_links":{"self":[{"href":"https:\/\/www.ph7foodtech.com\/es\/wp-json\/wp\/v2\/posts\/5246","targetHints":{"allow":["GET"]}}],"collection":[{"href":"https:\/\/www.ph7foodtech.com\/es\/wp-json\/wp\/v2\/posts"}],"about":[{"href":"https:\/\/www.ph7foodtech.com\/es\/wp-json\/wp\/v2\/types\/post"}],"author":[{"embeddable":true,"href":"https:\/\/www.ph7foodtech.com\/es\/wp-json\/wp\/v2\/users\/1"}],"replies":[{"embeddable":true,"href":"https:\/\/www.ph7foodtech.com\/es\/wp-json\/wp\/v2\/comments?post=5246"}],"version-history":[{"count":1,"href":"https:\/\/www.ph7foodtech.com\/es\/wp-json\/wp\/v2\/posts\/5246\/revisions"}],"predecessor-version":[{"id":5307,"href":"https:\/\/www.ph7foodtech.com\/es\/wp-json\/wp\/v2\/posts\/5246\/revisions\/5307"}],"wp:featuredmedia":[{"embeddable":true,"href":"https:\/\/www.ph7foodtech.com\/es\/wp-json\/wp\/v2\/media\/1532"}],"wp:attachment":[{"href":"https:\/\/www.ph7foodtech.com\/es\/wp-json\/wp\/v2\/media?parent=5246"}],"wp:term":[{"taxonomy":"category","embeddable":true,"href":"https:\/\/www.ph7foodtech.com\/es\/wp-json\/wp\/v2\/categories?post=5246"},{"taxonomy":"post_tag","embeddable":true,"href":"https:\/\/www.ph7foodtech.com\/es\/wp-json\/wp\/v2\/tags?post=5246"}],"curies":[{"name":"wp","href":"https:\/\/api.w.org\/{rel}","templated":true}]}}