{"id":5244,"date":"2019-09-19T10:23:00","date_gmt":"2019-09-19T10:23:00","guid":{"rendered":"https:\/\/www.ph7foodtech.com\/?p=280"},"modified":"2025-05-30T00:03:23","modified_gmt":"2025-05-29T22:03:23","slug":"blog-ph7-estara-presente-en-la-feria-conxemar-2019-del-1-3-oct","status":"publish","type":"post","link":"https:\/\/www.ph7foodtech.com\/es\/blog\/blog-ph7-estara-presente-en-la-feria-conxemar-2019-del-1-3-oct\/","title":{"rendered":"PH7 estar\u00e1 presente en la feria Conxemar 2019 del 1-3 Oct."},"content":{"rendered":"\n<p>pH7 Food Technology estar\u00e1 presente en la Feria Internacional de Productos del Mar Congelados (CONXEMAR) que se celebrar\u00e1 en Vigo (Pontevedra) durante los pr\u00f3ximos d\u00edas 1, 2 y 3 de octubre de 2019.&nbsp;<\/p>\n\n\n\n<p>Esta feria, de referencia en Europa, se encuentra consolidada entre las dos m\u00e1s importantes del mundo con una superficie expositiva actual de 31.500m\u00b2 y sirve de encuentro a la totalidad del sector transformador: mayoristas, importadores, exportadores, transformadores, fabricantes, distribuidores, frigor\u00edficos, maquinaria, industria auxiliar (fr\u00edo, embalajes, pl\u00e1sticos, etc\u2026).<br><br>Por nuestra parte, estaremos ubicados en el stand G32&nbsp;donde&nbsp;presentaremos&nbsp;nuestras soluciones de aditivos para el pescado y precocinados que,&nbsp;sin duda, ayudar\u00e1n a mejorar su producci\u00f3n, calidad, apariencia y textura de sus productos.<\/p>\n\n\n\n<p>\u00bfQuieres conocer nuestros productos?<\/p>\n\n\n\n<ul class=\"wp-block-list\"><li><strong>CRUSTAXYL, antimelan\u00f3sico sin sulfitos.<\/strong><br>Este aditivo, libre de sulfitos, es ideal&nbsp;para el tratamiento conservante&nbsp;inhibidor de la melanosis, en todo tipo&nbsp;de crust\u00e1ceos.&nbsp;No modifica las caracter\u00edsticas&nbsp;organol\u00e9pticas del producto,&nbsp;no libera ning\u00fan olor y no contiene&nbsp;ninguna sustancia al\u00e9rgica.&nbsp;Crustaxyl es un producto f\u00e1cil y seguro&nbsp;de usar, ideal para el tratamiento&nbsp;inmediato en el punto de captura o&nbsp;en tierra.&nbsp;Destaca por proporcionar un&nbsp;brillo intenso en la cut\u00edcula y el globo&nbsp;ocular, fortaleciendo las partes blandas&nbsp;de los crust\u00e1ceos.&nbsp;Libre de sulfitos, especialmente indicado&nbsp;y recomendado para la comercializaci\u00f3n&nbsp;y elaboraci\u00f3n de marisco.&nbsp;<\/li><li><strong>GLASS 20, glaseante.&nbsp;<\/strong><br>Este producto es nuestra soluci\u00f3n para mejorar la calidad de los productos acabados que requieren un aspecto transparente o brillante para fines de marketing.&nbsp;Glass 20 proporciona una barrera f\u00edsica que protege el alimento de la degradaci\u00f3n ambiental dando al mismo tiempo una textura limpia y transparente.&nbsp;Producto apto para todo tipo de pescado y en cualquiera de sus presentaciones de corte. \u200b<\/li><li><strong>AQUAGLY, GLYCEX y gama texturizantes.&nbsp;<\/strong><br>Nuestra amplia gama de hidratantes y texturizantes han sido desarrollados para el tratamiento espec\u00edfico de todo tipo de pescados, cefal\u00f3podos y mariscos en sus diferentes tipos de presentaci\u00f3n. Act\u00faan sobre la prote\u00edna del pescado optimizando la capacidad de hidrataci\u00f3n, mejorando la textura y conservando el color natural del pescado. Disponemos de formulaciones ajustadas a las legislaciones de los diversos pa\u00edses donde se aplican.&nbsp;Nueva serie de texturizantes de desarrollo propio para tratamiento de cefal\u00f3podos y filetes de pescado. Aquagly mejora la textura, mantiene frescas las excelentes caracter\u00edsticas organol\u00e9pticas del pescado natural y aumenta su valor nutritivo.&nbsp;Producto libre de fosfatos y carbonatos, novedad en el mercado.&nbsp;<\/li><li><strong>TEXMEL, conservantes.<\/strong><br>Nuestro departamento de R+D ha desarrollado una novedosa formulaci\u00f3n de conservantes en l\u00edquido para el pescado entero fresco: pH7 Texmel inhibe el crecimiento de bacterias y bloquea las reacciones enzim\u00e1ticas que promueven su degradaci\u00f3n.&nbsp;<\/li><li><strong>BD TEXFISH, texturizante de pescado (en salmuera). EXMEL, conservantes.<\/strong><br>En el sector de la pesca cada vez m\u00e1s se utiliza el sistema de inyecci\u00f3n para obtener productos de mayor calidad y valor a\u00f1adido. Este sistema ofrece grandes ventajas ya que con una dosis muy reducida se consigue una homog\u00e9nea y profunda distribuci\u00f3n de la salmuera, aumentando el rendimiento con total respeto a la morfolog\u00eda y textura muscular de la captura.&nbsp;pH7 ofrece unas mezclas de ingredientes que penetran f\u00e1cilmente en la prote\u00edna, incrementando el rendimiento con total respeto a la morfolog\u00eda y textura muscular&nbsp;y evitando posteriores p\u00e9rdidas en la elaboraci\u00f3n de productos del mar. Con el objetivo de conseguir una mejor conservaci\u00f3n y resaltar los aromas y sabores del pescado. Haciendo un producto m\u00e1s sabroso y estable despu\u00e9s de su cocinado.&nbsp;<\/li><li><strong>BINTECH, ligante para hamburguesas de pescado<\/strong><br>Las tendencias de mercado actuales muestran una creciente demanda de pescado y productos c\u00e1rnicos listos para comer en porciones m\u00e1s peque\u00f1as, m\u00e1s r\u00e1pidas y f\u00e1ciles de preparar. Por lo tanto, desde la perspectiva del procesador, hay una necesidad tecnol\u00f3gica para aumentar el uso y el valor de subproductos y cortes de calidad.&nbsp;Reestructurados de pescado: pH7 formula ligantes espec\u00edficos para la industria pesquera. Estos productos son imprescindibles para dar valor comercial a las mermas resultantes en los procesos de fileteado, troceado y selecci\u00f3n de pescados, mariscos y cefal\u00f3podos, y son necesarios para la correcta formaci\u00f3n de nuevas piezas con distintas formas y propiedades.<\/li><li><strong>ADD DISPENSER, dosificados volum\u00e9trico de aditivos alimentarios<\/strong><br>El Sistema add dispenser proporciona exactitud en la correcta aplicaci\u00f3n de aditivos alimentarios a sus productos de la pesca. Ha sido \u00edntegramente desarrollado por nuestro equipo t\u00e9cnico especialista en aplicaci\u00f3n de aditivos. Su alta precisi\u00f3n en la cantidad y tiempo de administraci\u00f3n de los productos de conservaci\u00f3n, permiten un ahorro significativo en costes, siendo adem\u00e1s un sistema autom\u00e1tico que no precisa energ\u00eda el\u00e9ctrica.<\/li><\/ul>\n\n\n\n<p>Obt\u00e9n tu invitaci\u00f3n haciendo <a href=\"http:\/\/www.conxemar.net\/Conxemar2019\/es\/register\/register\/registrovisitantes\">click<\/a> en este enlace&nbsp;y no dudes en contactar con nosotros si necesitas m\u00e1s informaci\u00f3n.<\/p>\n","protected":false},"excerpt":{"rendered":"<p>pH7 Food Technology estar\u00e1 presente en la Feria Internacional de Productos del Mar Congelados (CONXEMAR) que se celebrar\u00e1 en Vigo [&hellip;]<\/p>\n","protected":false},"author":1,"featured_media":282,"comment_status":"open","ping_status":"open","sticky":false,"template":"","format":"standard","meta":{"site-sidebar-layout":"default","site-content-layout":"","ast-site-content-layout":"","site-content-style":"default","site-sidebar-style":"default","ast-global-header-display":"","ast-banner-title-visibility":"","ast-main-header-display":"","ast-hfb-above-header-display":"","ast-hfb-below-header-display":"","ast-hfb-mobile-header-display":"","site-post-title":"","ast-breadcrumbs-content":"","ast-featured-img":"","footer-sml-layout":"","theme-transparent-header-meta":"","adv-header-id-meta":"","stick-header-meta":"","header-above-stick-meta":"","header-main-stick-meta":"","header-below-stick-meta":"","astra-migrate-meta-layouts":"default","ast-page-background-enabled":"default","ast-page-background-meta":{"desktop":{"background-color":"var(--ast-global-color-5)","background-image":"","background-repeat":"repeat","background-position":"center center","background-size":"auto","background-attachment":"scroll","background-type":"","background-media":"","overlay-type":"","overlay-color":"","overlay-opacity":"","overlay-gradient":""},"tablet":{"background-color":"","background-image":"","background-repeat":"repeat","background-position":"center center","background-size":"auto","background-attachment":"scroll","background-type":"","background-media":"","overlay-type":"","overlay-color":"","overlay-opacity":"","overlay-gradient":""},"mobile":{"background-color":"","background-image":"","background-repeat":"repeat","background-position":"center center","background-size":"auto","background-attachment":"scroll","background-type":"","background-media":"","overlay-type":"","overlay-color":"","overlay-opacity":"","overlay-gradient":""}},"ast-content-background-meta":{"desktop":{"background-color":"var(--ast-global-color-4)","background-image":"","background-repeat":"repeat","background-position":"center center","background-size":"auto","background-attachment":"scroll","background-type":"","background-media":"","overlay-type":"","overlay-color":"","overlay-opacity":"","overlay-gradient":""},"tablet":{"background-color":"var(--ast-global-color-4)","background-image":"","background-repeat":"repeat","background-position":"center center","background-size":"auto","background-attachment":"scroll","background-type":"","background-media":"","overlay-type":"","overlay-color":"","overlay-opacity":"","overlay-gradient":""},"mobile":{"background-color":"var(--ast-global-color-4)","background-image":"","background-repeat":"repeat","background-position":"center center","background-size":"auto","background-attachment":"scroll","background-type":"","background-media":"","overlay-type":"","overlay-color":"","overlay-opacity":"","overlay-gradient":""}},"footnotes":""},"categories":[44],"tags":[],"class_list":["post-5244","post","type-post","status-publish","format-standard","has-post-thumbnail","hentry","category-sin-categorizar-2"],"yoast_head":"<!-- This site is optimized with the Yoast SEO plugin v27.5 - https:\/\/yoast.com\/product\/yoast-seo-wordpress\/ -->\n<title>PH7 estar\u00e1 presente en la feria Conxemar 2019 del 1-3 Oct. - PH7 Food Tech<\/title>\n<meta name=\"robots\" content=\"index, follow, max-snippet:-1, max-image-preview:large, max-video-preview:-1\" \/>\n<link rel=\"canonical\" href=\"https:\/\/www.ph7foodtech.com\/es\/blog\/blog-ph7-estara-presente-en-la-feria-conxemar-2019-del-1-3-oct\/\" \/>\n<meta property=\"og:locale\" content=\"es_ES\" \/>\n<meta property=\"og:type\" content=\"article\" \/>\n<meta property=\"og:title\" content=\"PH7 estar\u00e1 presente en la feria Conxemar 2019 del 1-3 Oct. - PH7 Food Tech\" \/>\n<meta property=\"og:description\" content=\"pH7 Food Technology estar\u00e1 presente en la Feria Internacional de Productos del Mar Congelados (CONXEMAR) que se celebrar\u00e1 en Vigo [&hellip;]\" \/>\n<meta property=\"og:url\" content=\"https:\/\/www.ph7foodtech.com\/es\/blog\/blog-ph7-estara-presente-en-la-feria-conxemar-2019-del-1-3-oct\/\" \/>\n<meta property=\"og:site_name\" content=\"PH7 Food Tech\" \/>\n<meta property=\"article:published_time\" content=\"2019-09-19T10:23:00+00:00\" \/>\n<meta property=\"article:modified_time\" content=\"2025-05-29T22:03:23+00:00\" \/>\n<meta property=\"og:image\" content=\"https:\/\/www.ph7foodtech.com\/wp-content\/uploads\/2019\/12\/conxemar-2019.png\" \/>\n\t<meta property=\"og:image:width\" content=\"840\" \/>\n\t<meta property=\"og:image:height\" content=\"450\" \/>\n\t<meta property=\"og:image:type\" content=\"image\/png\" \/>\n<meta name=\"author\" content=\"Toni Lopez Buxo\" \/>\n<meta name=\"twitter:card\" content=\"summary_large_image\" \/>\n<meta name=\"twitter:label1\" content=\"Escrito por\" \/>\n\t<meta name=\"twitter:data1\" content=\"Toni Lopez Buxo\" \/>\n\t<meta name=\"twitter:label2\" content=\"Tiempo de lectura\" \/>\n\t<meta name=\"twitter:data2\" content=\"4 minutos\" \/>\n<script type=\"application\/ld+json\" class=\"yoast-schema-graph\">{\"@context\":\"https:\\\/\\\/schema.org\",\"@graph\":[{\"@type\":\"Article\",\"@id\":\"https:\\\/\\\/www.ph7foodtech.com\\\/es\\\/blog\\\/blog-ph7-estara-presente-en-la-feria-conxemar-2019-del-1-3-oct\\\/#article\",\"isPartOf\":{\"@id\":\"https:\\\/\\\/www.ph7foodtech.com\\\/es\\\/blog\\\/blog-ph7-estara-presente-en-la-feria-conxemar-2019-del-1-3-oct\\\/\"},\"author\":{\"name\":\"Toni Lopez Buxo\",\"@id\":\"https:\\\/\\\/www.ph7foodtech.com\\\/es\\\/#\\\/schema\\\/person\\\/61beb87190c16914a9da186ed4dbe09a\"},\"headline\":\"PH7 estar\u00e1 presente en la feria Conxemar 2019 del 1-3 Oct.\",\"datePublished\":\"2019-09-19T10:23:00+00:00\",\"dateModified\":\"2025-05-29T22:03:23+00:00\",\"mainEntityOfPage\":{\"@id\":\"https:\\\/\\\/www.ph7foodtech.com\\\/es\\\/blog\\\/blog-ph7-estara-presente-en-la-feria-conxemar-2019-del-1-3-oct\\\/\"},\"wordCount\":876,\"commentCount\":0,\"publisher\":{\"@id\":\"https:\\\/\\\/www.ph7foodtech.com\\\/es\\\/#organization\"},\"image\":{\"@id\":\"https:\\\/\\\/www.ph7foodtech.com\\\/es\\\/blog\\\/blog-ph7-estara-presente-en-la-feria-conxemar-2019-del-1-3-oct\\\/#primaryimage\"},\"thumbnailUrl\":\"https:\\\/\\\/www.ph7foodtech.com\\\/wp-content\\\/uploads\\\/2019\\\/12\\\/conxemar-2019.png\",\"articleSection\":[\"Sin categorizar\"],\"inLanguage\":\"es\",\"potentialAction\":[{\"@type\":\"CommentAction\",\"name\":\"Comment\",\"target\":[\"https:\\\/\\\/www.ph7foodtech.com\\\/es\\\/blog\\\/blog-ph7-estara-presente-en-la-feria-conxemar-2019-del-1-3-oct\\\/#respond\"]}]},{\"@type\":\"WebPage\",\"@id\":\"https:\\\/\\\/www.ph7foodtech.com\\\/es\\\/blog\\\/blog-ph7-estara-presente-en-la-feria-conxemar-2019-del-1-3-oct\\\/\",\"url\":\"https:\\\/\\\/www.ph7foodtech.com\\\/es\\\/blog\\\/blog-ph7-estara-presente-en-la-feria-conxemar-2019-del-1-3-oct\\\/\",\"name\":\"PH7 estar\u00e1 presente en la feria Conxemar 2019 del 1-3 Oct. - PH7 Food Tech\",\"isPartOf\":{\"@id\":\"https:\\\/\\\/www.ph7foodtech.com\\\/es\\\/#website\"},\"primaryImageOfPage\":{\"@id\":\"https:\\\/\\\/www.ph7foodtech.com\\\/es\\\/blog\\\/blog-ph7-estara-presente-en-la-feria-conxemar-2019-del-1-3-oct\\\/#primaryimage\"},\"image\":{\"@id\":\"https:\\\/\\\/www.ph7foodtech.com\\\/es\\\/blog\\\/blog-ph7-estara-presente-en-la-feria-conxemar-2019-del-1-3-oct\\\/#primaryimage\"},\"thumbnailUrl\":\"https:\\\/\\\/www.ph7foodtech.com\\\/wp-content\\\/uploads\\\/2019\\\/12\\\/conxemar-2019.png\",\"datePublished\":\"2019-09-19T10:23:00+00:00\",\"dateModified\":\"2025-05-29T22:03:23+00:00\",\"breadcrumb\":{\"@id\":\"https:\\\/\\\/www.ph7foodtech.com\\\/es\\\/blog\\\/blog-ph7-estara-presente-en-la-feria-conxemar-2019-del-1-3-oct\\\/#breadcrumb\"},\"inLanguage\":\"es\",\"potentialAction\":[{\"@type\":\"ReadAction\",\"target\":[\"https:\\\/\\\/www.ph7foodtech.com\\\/es\\\/blog\\\/blog-ph7-estara-presente-en-la-feria-conxemar-2019-del-1-3-oct\\\/\"]}]},{\"@type\":\"ImageObject\",\"inLanguage\":\"es\",\"@id\":\"https:\\\/\\\/www.ph7foodtech.com\\\/es\\\/blog\\\/blog-ph7-estara-presente-en-la-feria-conxemar-2019-del-1-3-oct\\\/#primaryimage\",\"url\":\"https:\\\/\\\/www.ph7foodtech.com\\\/wp-content\\\/uploads\\\/2019\\\/12\\\/conxemar-2019.png\",\"contentUrl\":\"https:\\\/\\\/www.ph7foodtech.com\\\/wp-content\\\/uploads\\\/2019\\\/12\\\/conxemar-2019.png\",\"width\":840,\"height\":450},{\"@type\":\"BreadcrumbList\",\"@id\":\"https:\\\/\\\/www.ph7foodtech.com\\\/es\\\/blog\\\/blog-ph7-estara-presente-en-la-feria-conxemar-2019-del-1-3-oct\\\/#breadcrumb\",\"itemListElement\":[{\"@type\":\"ListItem\",\"position\":1,\"name\":\"Portada\",\"item\":\"https:\\\/\\\/www.ph7foodtech.com\\\/es\\\/\"},{\"@type\":\"ListItem\",\"position\":2,\"name\":\"PH7 estar\u00e1 presente en la feria Conxemar 2019 del 1-3 Oct.\"}]},{\"@type\":\"WebSite\",\"@id\":\"https:\\\/\\\/www.ph7foodtech.com\\\/es\\\/#website\",\"url\":\"https:\\\/\\\/www.ph7foodtech.com\\\/es\\\/\",\"name\":\"PH7 Food Tech\",\"description\":\"\",\"publisher\":{\"@id\":\"https:\\\/\\\/www.ph7foodtech.com\\\/es\\\/#organization\"},\"potentialAction\":[{\"@type\":\"SearchAction\",\"target\":{\"@type\":\"EntryPoint\",\"urlTemplate\":\"https:\\\/\\\/www.ph7foodtech.com\\\/es\\\/?s={search_term_string}\"},\"query-input\":{\"@type\":\"PropertyValueSpecification\",\"valueRequired\":true,\"valueName\":\"search_term_string\"}}],\"inLanguage\":\"es\"},{\"@type\":\"Organization\",\"@id\":\"https:\\\/\\\/www.ph7foodtech.com\\\/es\\\/#organization\",\"name\":\"PH7 Food Tech\",\"url\":\"https:\\\/\\\/www.ph7foodtech.com\\\/es\\\/\",\"logo\":{\"@type\":\"ImageObject\",\"inLanguage\":\"es\",\"@id\":\"https:\\\/\\\/www.ph7foodtech.com\\\/es\\\/#\\\/schema\\\/logo\\\/image\\\/\",\"url\":\"https:\\\/\\\/www.ph7foodtech.com\\\/wp-content\\\/uploads\\\/2025\\\/08\\\/PH7-logo-Sand-Negativo.svg\",\"contentUrl\":\"https:\\\/\\\/www.ph7foodtech.com\\\/wp-content\\\/uploads\\\/2025\\\/08\\\/PH7-logo-Sand-Negativo.svg\",\"width\":841,\"height\":595,\"caption\":\"PH7 Food Tech\"},\"image\":{\"@id\":\"https:\\\/\\\/www.ph7foodtech.com\\\/es\\\/#\\\/schema\\\/logo\\\/image\\\/\"}},{\"@type\":\"Person\",\"@id\":\"https:\\\/\\\/www.ph7foodtech.com\\\/es\\\/#\\\/schema\\\/person\\\/61beb87190c16914a9da186ed4dbe09a\",\"name\":\"Toni Lopez Buxo\",\"image\":{\"@type\":\"ImageObject\",\"inLanguage\":\"es\",\"@id\":\"https:\\\/\\\/secure.gravatar.com\\\/avatar\\\/93107b4a0f4e0facb9d415035200818c42209f6308b49223fe0135b817a9b276?s=96&d=mm&r=g\",\"url\":\"https:\\\/\\\/secure.gravatar.com\\\/avatar\\\/93107b4a0f4e0facb9d415035200818c42209f6308b49223fe0135b817a9b276?s=96&d=mm&r=g\",\"contentUrl\":\"https:\\\/\\\/secure.gravatar.com\\\/avatar\\\/93107b4a0f4e0facb9d415035200818c42209f6308b49223fe0135b817a9b276?s=96&d=mm&r=g\",\"caption\":\"Toni Lopez Buxo\"},\"sameAs\":[\"https:\\\/\\\/ph7-a1.c.wetopi.com\"],\"url\":\"https:\\\/\\\/www.ph7foodtech.com\\\/es\\\/blog\\\/author\\\/toni-lopez-buxo\\\/\"}]}<\/script>\n<!-- \/ Yoast SEO plugin. -->","yoast_head_json":{"title":"PH7 estar\u00e1 presente en la feria Conxemar 2019 del 1-3 Oct. - PH7 Food Tech","robots":{"index":"index","follow":"follow","max-snippet":"max-snippet:-1","max-image-preview":"max-image-preview:large","max-video-preview":"max-video-preview:-1"},"canonical":"https:\/\/www.ph7foodtech.com\/es\/blog\/blog-ph7-estara-presente-en-la-feria-conxemar-2019-del-1-3-oct\/","og_locale":"es_ES","og_type":"article","og_title":"PH7 estar\u00e1 presente en la feria Conxemar 2019 del 1-3 Oct. - PH7 Food Tech","og_description":"pH7 Food Technology estar\u00e1 presente en la Feria Internacional de Productos del Mar Congelados (CONXEMAR) que se celebrar\u00e1 en Vigo [&hellip;]","og_url":"https:\/\/www.ph7foodtech.com\/es\/blog\/blog-ph7-estara-presente-en-la-feria-conxemar-2019-del-1-3-oct\/","og_site_name":"PH7 Food Tech","article_published_time":"2019-09-19T10:23:00+00:00","article_modified_time":"2025-05-29T22:03:23+00:00","og_image":[{"width":840,"height":450,"url":"https:\/\/www.ph7foodtech.com\/wp-content\/uploads\/2019\/12\/conxemar-2019.png","type":"image\/png"}],"author":"Toni Lopez Buxo","twitter_card":"summary_large_image","twitter_misc":{"Escrito por":"Toni Lopez Buxo","Tiempo de lectura":"4 minutos"},"schema":{"@context":"https:\/\/schema.org","@graph":[{"@type":"Article","@id":"https:\/\/www.ph7foodtech.com\/es\/blog\/blog-ph7-estara-presente-en-la-feria-conxemar-2019-del-1-3-oct\/#article","isPartOf":{"@id":"https:\/\/www.ph7foodtech.com\/es\/blog\/blog-ph7-estara-presente-en-la-feria-conxemar-2019-del-1-3-oct\/"},"author":{"name":"Toni Lopez Buxo","@id":"https:\/\/www.ph7foodtech.com\/es\/#\/schema\/person\/61beb87190c16914a9da186ed4dbe09a"},"headline":"PH7 estar\u00e1 presente en la feria Conxemar 2019 del 1-3 Oct.","datePublished":"2019-09-19T10:23:00+00:00","dateModified":"2025-05-29T22:03:23+00:00","mainEntityOfPage":{"@id":"https:\/\/www.ph7foodtech.com\/es\/blog\/blog-ph7-estara-presente-en-la-feria-conxemar-2019-del-1-3-oct\/"},"wordCount":876,"commentCount":0,"publisher":{"@id":"https:\/\/www.ph7foodtech.com\/es\/#organization"},"image":{"@id":"https:\/\/www.ph7foodtech.com\/es\/blog\/blog-ph7-estara-presente-en-la-feria-conxemar-2019-del-1-3-oct\/#primaryimage"},"thumbnailUrl":"https:\/\/www.ph7foodtech.com\/wp-content\/uploads\/2019\/12\/conxemar-2019.png","articleSection":["Sin categorizar"],"inLanguage":"es","potentialAction":[{"@type":"CommentAction","name":"Comment","target":["https:\/\/www.ph7foodtech.com\/es\/blog\/blog-ph7-estara-presente-en-la-feria-conxemar-2019-del-1-3-oct\/#respond"]}]},{"@type":"WebPage","@id":"https:\/\/www.ph7foodtech.com\/es\/blog\/blog-ph7-estara-presente-en-la-feria-conxemar-2019-del-1-3-oct\/","url":"https:\/\/www.ph7foodtech.com\/es\/blog\/blog-ph7-estara-presente-en-la-feria-conxemar-2019-del-1-3-oct\/","name":"PH7 estar\u00e1 presente en la feria Conxemar 2019 del 1-3 Oct. - PH7 Food Tech","isPartOf":{"@id":"https:\/\/www.ph7foodtech.com\/es\/#website"},"primaryImageOfPage":{"@id":"https:\/\/www.ph7foodtech.com\/es\/blog\/blog-ph7-estara-presente-en-la-feria-conxemar-2019-del-1-3-oct\/#primaryimage"},"image":{"@id":"https:\/\/www.ph7foodtech.com\/es\/blog\/blog-ph7-estara-presente-en-la-feria-conxemar-2019-del-1-3-oct\/#primaryimage"},"thumbnailUrl":"https:\/\/www.ph7foodtech.com\/wp-content\/uploads\/2019\/12\/conxemar-2019.png","datePublished":"2019-09-19T10:23:00+00:00","dateModified":"2025-05-29T22:03:23+00:00","breadcrumb":{"@id":"https:\/\/www.ph7foodtech.com\/es\/blog\/blog-ph7-estara-presente-en-la-feria-conxemar-2019-del-1-3-oct\/#breadcrumb"},"inLanguage":"es","potentialAction":[{"@type":"ReadAction","target":["https:\/\/www.ph7foodtech.com\/es\/blog\/blog-ph7-estara-presente-en-la-feria-conxemar-2019-del-1-3-oct\/"]}]},{"@type":"ImageObject","inLanguage":"es","@id":"https:\/\/www.ph7foodtech.com\/es\/blog\/blog-ph7-estara-presente-en-la-feria-conxemar-2019-del-1-3-oct\/#primaryimage","url":"https:\/\/www.ph7foodtech.com\/wp-content\/uploads\/2019\/12\/conxemar-2019.png","contentUrl":"https:\/\/www.ph7foodtech.com\/wp-content\/uploads\/2019\/12\/conxemar-2019.png","width":840,"height":450},{"@type":"BreadcrumbList","@id":"https:\/\/www.ph7foodtech.com\/es\/blog\/blog-ph7-estara-presente-en-la-feria-conxemar-2019-del-1-3-oct\/#breadcrumb","itemListElement":[{"@type":"ListItem","position":1,"name":"Portada","item":"https:\/\/www.ph7foodtech.com\/es\/"},{"@type":"ListItem","position":2,"name":"PH7 estar\u00e1 presente en la feria Conxemar 2019 del 1-3 Oct."}]},{"@type":"WebSite","@id":"https:\/\/www.ph7foodtech.com\/es\/#website","url":"https:\/\/www.ph7foodtech.com\/es\/","name":"PH7 Food Tech","description":"","publisher":{"@id":"https:\/\/www.ph7foodtech.com\/es\/#organization"},"potentialAction":[{"@type":"SearchAction","target":{"@type":"EntryPoint","urlTemplate":"https:\/\/www.ph7foodtech.com\/es\/?s={search_term_string}"},"query-input":{"@type":"PropertyValueSpecification","valueRequired":true,"valueName":"search_term_string"}}],"inLanguage":"es"},{"@type":"Organization","@id":"https:\/\/www.ph7foodtech.com\/es\/#organization","name":"PH7 Food Tech","url":"https:\/\/www.ph7foodtech.com\/es\/","logo":{"@type":"ImageObject","inLanguage":"es","@id":"https:\/\/www.ph7foodtech.com\/es\/#\/schema\/logo\/image\/","url":"https:\/\/www.ph7foodtech.com\/wp-content\/uploads\/2025\/08\/PH7-logo-Sand-Negativo.svg","contentUrl":"https:\/\/www.ph7foodtech.com\/wp-content\/uploads\/2025\/08\/PH7-logo-Sand-Negativo.svg","width":841,"height":595,"caption":"PH7 Food Tech"},"image":{"@id":"https:\/\/www.ph7foodtech.com\/es\/#\/schema\/logo\/image\/"}},{"@type":"Person","@id":"https:\/\/www.ph7foodtech.com\/es\/#\/schema\/person\/61beb87190c16914a9da186ed4dbe09a","name":"Toni Lopez Buxo","image":{"@type":"ImageObject","inLanguage":"es","@id":"https:\/\/secure.gravatar.com\/avatar\/93107b4a0f4e0facb9d415035200818c42209f6308b49223fe0135b817a9b276?s=96&d=mm&r=g","url":"https:\/\/secure.gravatar.com\/avatar\/93107b4a0f4e0facb9d415035200818c42209f6308b49223fe0135b817a9b276?s=96&d=mm&r=g","contentUrl":"https:\/\/secure.gravatar.com\/avatar\/93107b4a0f4e0facb9d415035200818c42209f6308b49223fe0135b817a9b276?s=96&d=mm&r=g","caption":"Toni Lopez Buxo"},"sameAs":["https:\/\/ph7-a1.c.wetopi.com"],"url":"https:\/\/www.ph7foodtech.com\/es\/blog\/author\/toni-lopez-buxo\/"}]}},"_links":{"self":[{"href":"https:\/\/www.ph7foodtech.com\/es\/wp-json\/wp\/v2\/posts\/5244","targetHints":{"allow":["GET"]}}],"collection":[{"href":"https:\/\/www.ph7foodtech.com\/es\/wp-json\/wp\/v2\/posts"}],"about":[{"href":"https:\/\/www.ph7foodtech.com\/es\/wp-json\/wp\/v2\/types\/post"}],"author":[{"embeddable":true,"href":"https:\/\/www.ph7foodtech.com\/es\/wp-json\/wp\/v2\/users\/1"}],"replies":[{"embeddable":true,"href":"https:\/\/www.ph7foodtech.com\/es\/wp-json\/wp\/v2\/comments?post=5244"}],"version-history":[{"count":1,"href":"https:\/\/www.ph7foodtech.com\/es\/wp-json\/wp\/v2\/posts\/5244\/revisions"}],"predecessor-version":[{"id":5302,"href":"https:\/\/www.ph7foodtech.com\/es\/wp-json\/wp\/v2\/posts\/5244\/revisions\/5302"}],"wp:featuredmedia":[{"embeddable":true,"href":"https:\/\/www.ph7foodtech.com\/es\/wp-json\/wp\/v2\/media\/282"}],"wp:attachment":[{"href":"https:\/\/www.ph7foodtech.com\/es\/wp-json\/wp\/v2\/media?parent=5244"}],"wp:term":[{"taxonomy":"category","embeddable":true,"href":"https:\/\/www.ph7foodtech.com\/es\/wp-json\/wp\/v2\/categories?post=5244"},{"taxonomy":"post_tag","embeddable":true,"href":"https:\/\/www.ph7foodtech.com\/es\/wp-json\/wp\/v2\/tags?post=5244"}],"curies":[{"name":"wp","href":"https:\/\/api.w.org\/{rel}","templated":true}]}}