{"id":4203,"date":"2022-09-13T10:33:41","date_gmt":"2022-09-13T09:33:41","guid":{"rendered":"https:\/\/www.ph7foodtech.com\/?p=4203"},"modified":"2025-07-23T13:03:21","modified_gmt":"2025-07-23T11:03:21","slug":"ph7-estara-presente-en-la-feria-conxemar-2022-del-4-al-6-oct","status":"publish","type":"post","link":"https:\/\/www.ph7foodtech.com\/es\/blog\/ph7-estara-presente-en-la-feria-conxemar-2022-del-4-al-6-oct\/","title":{"rendered":"PH7 Estar\u00e1 presente en la Feria Conxemar 2022 del 4 al 6 Oct."},"content":{"rendered":"\n<p>PH7 Food Technology estar\u00e1 presente un a\u00f1o m\u00e1s en la&nbsp;<a href=\"https:\/\/www.conxemar.com\/es\/feria-conxemar-2022\"><strong>Feria Internacional de Productos del Mar Congelados (CONXEMAR)<\/strong><\/a>&nbsp;que se celebrar\u00e1 en Vigo (Pontevedra) durante los pr\u00f3ximos d\u00edas&nbsp;<strong>4, 5 y 6 de Octubre de 2022.&nbsp;<\/strong><\/p>\n\n\n\n<p>Esta feria, de referencia en Europa, se encuentra consolidada entre las cuatro m\u00e1s importantes del mundo con una superficie expositiva actual de 37.000m\u00b2 y sirve de encuentro a la totalidad del sector transformador: mayoristas, importadores, exportadores, transformadores, fabricantes, distribuidores, frigor\u00edficos, maquinaria e&nbsp;industria auxiliar.<\/p>\n\n\n\n<p>Por nuestra parte, estaremos ubicados en el&nbsp;<strong>stand I32 <\/strong>donde&nbsp;presentaremos&nbsp;nuestras soluciones de aditivos para el pescado y precocinados que,&nbsp;sin duda, ayudar\u00e1n a mejorar tu producci\u00f3n, calidad, apariencia y textura de tus productos.<\/p>\n\n\n\n<p><strong>Puedes encontrarnos en el stand I32 en los siguientes horarios:<\/strong><\/p>\n\n\n\n<p>Martes 4 de octubre&nbsp; &nbsp; &nbsp; &nbsp; &nbsp; &nbsp; &nbsp;10:00 h. a 18:00 h.<br>Mi\u00e9rcoles 5 de octubre&nbsp; &nbsp; &nbsp; &nbsp; &nbsp;10:00 h. a 18:00 h.<br>Jueves 6 de octubre&nbsp; &nbsp; &nbsp; &nbsp; &nbsp; &nbsp; &nbsp;10:00 h. a 16:00 h.<\/p>\n\n\n\n<figure class=\"wp-block-image size-large\"><img fetchpriority=\"high\" decoding=\"async\" width=\"800\" height=\"500\"  id=\"productos-conxemar\" src=\"https:\/\/www.ph7foodtech.com\/wp-content\/uploads\/2022\/09\/Plano-PH7-Conxemar-2022-2.png\" alt=\"\" class=\"wp-image-4206\" srcset=\"https:\/\/www.ph7foodtech.com\/wp-content\/uploads\/2022\/09\/Plano-PH7-Conxemar-2022-2.png 800w, https:\/\/www.ph7foodtech.com\/wp-content\/uploads\/2022\/09\/Plano-PH7-Conxemar-2022-2-300x188.png 300w, https:\/\/www.ph7foodtech.com\/wp-content\/uploads\/2022\/09\/Plano-PH7-Conxemar-2022-2-768x480.png 768w\" sizes=\"(max-width: 800px) 100vw, 800px\" \/><\/figure>\n\n\n\n<p>\u00bfQuieres conocer los productos que presentaremos en la feria?<\/p>\n\n\n\n<ul class=\"wp-block-list\"><li>Nueva gama<strong> NOVA<\/strong> sin carbonatos y sin fosfatos para el tratamiento de cefal\u00f3podos, crust\u00e1ceos y filetes de pescado: NOVA 5, NOVA 10<\/li><li>Ampliamos gama <strong>OCTO<\/strong> para el tratamiento de cocci\u00f3n de pulpo con la versi\u00f3n l\u00edquida, \u00f3ptima para antes y durante la cocci\u00f3n: OCTO-GO<\/li><li>Mejoramos nuestra gama de antimelan\u00f3sicos de crust\u00e1ceos basada en sulfitos con un producto polivalente y apto para espolvoreo e inmersi\u00f3n disminuyendo los fuertes olores caracter\u00edsticas de estos tratamientos: Q-10 NH<\/li><li>Nuevo producto bajo en fosfatos de la gama <strong>Q-PLUS<\/strong> para el tratamientos de colas de langostino: Q-35 PLUS<\/li><li>Ampliamos gama de conservantes <strong>TEXMEL<\/strong> que se adapta a las opciones que marca la legislaci\u00f3n vigente para cada una de las especies: TEXMEL S25, TEXMEL BAC 2.0<\/li><li>Nuevos ligantes de la gama <strong>BINTECH<\/strong> que permiten confeccionar todo tipo de hamburguesas: BINTECH A 370A<\/li><\/ul>\n\n\n\n<div class=\"wp-block-buttons is-layout-flex wp-block-buttons-is-layout-flex\">\n<div class=\"wp-block-button\"><a class=\"wp-block-button__link\" href=\"https:\/\/conxemar.net\/Conxemar2022\/es\/Company\/Details\/2725149\" target=\"_blank\" rel=\"noreferrer noopener\">Productos ph7 para conxemar<\/a><\/div>\n<\/div>\n\n\n\n<p>Consigue tu invitaci\u00f3n&nbsp;<a href=\"https:\/\/www.ph7foodtech.com\/es\/contacto\">contactando con nosotros<\/a> indicando el n\u00famero de invitaciones que necesitas. <\/p>\n","protected":false},"excerpt":{"rendered":"<p>PH7 Food Technology estar\u00e1 presente un a\u00f1o m\u00e1s en la&nbsp;Feria Internacional de Productos del Mar Congelados (CONXEMAR)&nbsp;que se celebrar\u00e1 en [&hellip;]<\/p>\n","protected":false},"author":1,"featured_media":5509,"comment_status":"open","ping_status":"open","sticky":false,"template":"","format":"standard","meta":{"site-sidebar-layout":"default","site-content-layout":"","ast-site-content-layout":"","site-content-style":"default","site-sidebar-style":"default","ast-global-header-display":"","ast-banner-title-visibility":"","ast-main-header-display":"","ast-hfb-above-header-display":"","ast-hfb-below-header-display":"","ast-hfb-mobile-header-display":"","site-post-title":"","ast-breadcrumbs-content":"","ast-featured-img":"","footer-sml-layout":"","theme-transparent-header-meta":"","adv-header-id-meta":"","stick-header-meta":"","header-above-stick-meta":"","header-main-stick-meta":"","header-below-stick-meta":"","astra-migrate-meta-layouts":"default","ast-page-background-enabled":"default","ast-page-background-meta":{"desktop":{"background-color":"var(--ast-global-color-5)","background-image":"","background-repeat":"repeat","background-position":"center center","background-size":"auto","background-attachment":"scroll","background-type":"","background-media":"","overlay-type":"","overlay-color":"","overlay-opacity":"","overlay-gradient":""},"tablet":{"background-color":"","background-image":"","background-repeat":"repeat","background-position":"center center","background-size":"auto","background-attachment":"scroll","background-type":"","background-media":"","overlay-type":"","overlay-color":"","overlay-opacity":"","overlay-gradient":""},"mobile":{"background-color":"","background-image":"","background-repeat":"repeat","background-position":"center center","background-size":"auto","background-attachment":"scroll","background-type":"","background-media":"","overlay-type":"","overlay-color":"","overlay-opacity":"","overlay-gradient":""}},"ast-content-background-meta":{"desktop":{"background-color":"var(--ast-global-color-4)","background-image":"","background-repeat":"repeat","background-position":"center center","background-size":"auto","background-attachment":"scroll","background-type":"","background-media":"","overlay-type":"","overlay-color":"","overlay-opacity":"","overlay-gradient":""},"tablet":{"background-color":"var(--ast-global-color-4)","background-image":"","background-repeat":"repeat","background-position":"center center","background-size":"auto","background-attachment":"scroll","background-type":"","background-media":"","overlay-type":"","overlay-color":"","overlay-opacity":"","overlay-gradient":""},"mobile":{"background-color":"var(--ast-global-color-4)","background-image":"","background-repeat":"repeat","background-position":"center center","background-size":"auto","background-attachment":"scroll","background-type":"","background-media":"","overlay-type":"","overlay-color":"","overlay-opacity":"","overlay-gradient":""}},"footnotes":""},"categories":[44],"tags":[],"class_list":["post-4203","post","type-post","status-publish","format-standard","has-post-thumbnail","hentry","category-sin-categorizar-2"],"yoast_head":"<!-- This site is optimized with the Yoast SEO plugin v27.5 - https:\/\/yoast.com\/product\/yoast-seo-wordpress\/ -->\n<title>PH7 Estar\u00e1 presente en la Feria Conxemar 2022 del 4 al 6 Oct. - PH7 Food Tech<\/title>\n<meta name=\"robots\" content=\"index, follow, max-snippet:-1, max-image-preview:large, max-video-preview:-1\" \/>\n<link rel=\"canonical\" href=\"https:\/\/www.ph7foodtech.com\/es\/blog\/ph7-estara-presente-en-la-feria-conxemar-2022-del-4-al-6-oct\/\" \/>\n<meta property=\"og:locale\" content=\"es_ES\" \/>\n<meta property=\"og:type\" content=\"article\" \/>\n<meta property=\"og:title\" content=\"PH7 Estar\u00e1 presente en la Feria Conxemar 2022 del 4 al 6 Oct. - PH7 Food Tech\" \/>\n<meta property=\"og:description\" content=\"PH7 Food Technology estar\u00e1 presente un a\u00f1o m\u00e1s en la&nbsp;Feria Internacional de Productos del Mar Congelados (CONXEMAR)&nbsp;que se celebrar\u00e1 en [&hellip;]\" \/>\n<meta property=\"og:url\" content=\"https:\/\/www.ph7foodtech.com\/es\/blog\/ph7-estara-presente-en-la-feria-conxemar-2022-del-4-al-6-oct\/\" \/>\n<meta property=\"og:site_name\" content=\"PH7 Food Tech\" \/>\n<meta property=\"article:published_time\" content=\"2022-09-13T09:33:41+00:00\" \/>\n<meta property=\"article:modified_time\" content=\"2025-07-23T11:03:21+00:00\" \/>\n<meta property=\"og:image\" content=\"https:\/\/www.ph7foodtech.com\/wp-content\/uploads\/2025\/06\/Desktop-Facilita-el-trabajo-en-los-procesos-productivos.webp\" \/>\n\t<meta property=\"og:image:width\" content=\"2103\" \/>\n\t<meta property=\"og:image:height\" content=\"2094\" \/>\n\t<meta property=\"og:image:type\" content=\"image\/webp\" \/>\n<meta name=\"author\" content=\"Toni Lopez Buxo\" \/>\n<meta name=\"twitter:card\" content=\"summary_large_image\" \/>\n<meta name=\"twitter:label1\" content=\"Escrito por\" \/>\n\t<meta name=\"twitter:data1\" content=\"Toni Lopez Buxo\" \/>\n\t<meta name=\"twitter:label2\" content=\"Tiempo de lectura\" \/>\n\t<meta name=\"twitter:data2\" content=\"2 minutos\" \/>\n<script type=\"application\/ld+json\" class=\"yoast-schema-graph\">{\"@context\":\"https:\\\/\\\/schema.org\",\"@graph\":[{\"@type\":\"Article\",\"@id\":\"https:\\\/\\\/www.ph7foodtech.com\\\/es\\\/blog\\\/ph7-estara-presente-en-la-feria-conxemar-2022-del-4-al-6-oct\\\/#article\",\"isPartOf\":{\"@id\":\"https:\\\/\\\/www.ph7foodtech.com\\\/es\\\/blog\\\/ph7-estara-presente-en-la-feria-conxemar-2022-del-4-al-6-oct\\\/\"},\"author\":{\"name\":\"Toni Lopez Buxo\",\"@id\":\"https:\\\/\\\/www.ph7foodtech.com\\\/es\\\/#\\\/schema\\\/person\\\/61beb87190c16914a9da186ed4dbe09a\"},\"headline\":\"PH7 Estar\u00e1 presente en la Feria Conxemar 2022 del 4 al 6 Oct.\",\"datePublished\":\"2022-09-13T09:33:41+00:00\",\"dateModified\":\"2025-07-23T11:03:21+00:00\",\"mainEntityOfPage\":{\"@id\":\"https:\\\/\\\/www.ph7foodtech.com\\\/es\\\/blog\\\/ph7-estara-presente-en-la-feria-conxemar-2022-del-4-al-6-oct\\\/\"},\"wordCount\":358,\"commentCount\":0,\"publisher\":{\"@id\":\"https:\\\/\\\/www.ph7foodtech.com\\\/es\\\/#organization\"},\"image\":{\"@id\":\"https:\\\/\\\/www.ph7foodtech.com\\\/es\\\/blog\\\/ph7-estara-presente-en-la-feria-conxemar-2022-del-4-al-6-oct\\\/#primaryimage\"},\"thumbnailUrl\":\"https:\\\/\\\/www.ph7foodtech.com\\\/wp-content\\\/uploads\\\/2025\\\/06\\\/Desktop-Facilita-el-trabajo-en-los-procesos-productivos.webp\",\"articleSection\":[\"Sin categorizar\"],\"inLanguage\":\"es\",\"potentialAction\":[{\"@type\":\"CommentAction\",\"name\":\"Comment\",\"target\":[\"https:\\\/\\\/www.ph7foodtech.com\\\/es\\\/blog\\\/ph7-estara-presente-en-la-feria-conxemar-2022-del-4-al-6-oct\\\/#respond\"]}]},{\"@type\":\"WebPage\",\"@id\":\"https:\\\/\\\/www.ph7foodtech.com\\\/es\\\/blog\\\/ph7-estara-presente-en-la-feria-conxemar-2022-del-4-al-6-oct\\\/\",\"url\":\"https:\\\/\\\/www.ph7foodtech.com\\\/es\\\/blog\\\/ph7-estara-presente-en-la-feria-conxemar-2022-del-4-al-6-oct\\\/\",\"name\":\"PH7 Estar\u00e1 presente en la Feria Conxemar 2022 del 4 al 6 Oct. - PH7 Food Tech\",\"isPartOf\":{\"@id\":\"https:\\\/\\\/www.ph7foodtech.com\\\/es\\\/#website\"},\"primaryImageOfPage\":{\"@id\":\"https:\\\/\\\/www.ph7foodtech.com\\\/es\\\/blog\\\/ph7-estara-presente-en-la-feria-conxemar-2022-del-4-al-6-oct\\\/#primaryimage\"},\"image\":{\"@id\":\"https:\\\/\\\/www.ph7foodtech.com\\\/es\\\/blog\\\/ph7-estara-presente-en-la-feria-conxemar-2022-del-4-al-6-oct\\\/#primaryimage\"},\"thumbnailUrl\":\"https:\\\/\\\/www.ph7foodtech.com\\\/wp-content\\\/uploads\\\/2025\\\/06\\\/Desktop-Facilita-el-trabajo-en-los-procesos-productivos.webp\",\"datePublished\":\"2022-09-13T09:33:41+00:00\",\"dateModified\":\"2025-07-23T11:03:21+00:00\",\"breadcrumb\":{\"@id\":\"https:\\\/\\\/www.ph7foodtech.com\\\/es\\\/blog\\\/ph7-estara-presente-en-la-feria-conxemar-2022-del-4-al-6-oct\\\/#breadcrumb\"},\"inLanguage\":\"es\",\"potentialAction\":[{\"@type\":\"ReadAction\",\"target\":[\"https:\\\/\\\/www.ph7foodtech.com\\\/es\\\/blog\\\/ph7-estara-presente-en-la-feria-conxemar-2022-del-4-al-6-oct\\\/\"]}]},{\"@type\":\"ImageObject\",\"inLanguage\":\"es\",\"@id\":\"https:\\\/\\\/www.ph7foodtech.com\\\/es\\\/blog\\\/ph7-estara-presente-en-la-feria-conxemar-2022-del-4-al-6-oct\\\/#primaryimage\",\"url\":\"https:\\\/\\\/www.ph7foodtech.com\\\/wp-content\\\/uploads\\\/2025\\\/06\\\/Desktop-Facilita-el-trabajo-en-los-procesos-productivos.webp\",\"contentUrl\":\"https:\\\/\\\/www.ph7foodtech.com\\\/wp-content\\\/uploads\\\/2025\\\/06\\\/Desktop-Facilita-el-trabajo-en-los-procesos-productivos.webp\",\"width\":2103,\"height\":2094},{\"@type\":\"BreadcrumbList\",\"@id\":\"https:\\\/\\\/www.ph7foodtech.com\\\/es\\\/blog\\\/ph7-estara-presente-en-la-feria-conxemar-2022-del-4-al-6-oct\\\/#breadcrumb\",\"itemListElement\":[{\"@type\":\"ListItem\",\"position\":1,\"name\":\"Portada\",\"item\":\"https:\\\/\\\/www.ph7foodtech.com\\\/es\\\/\"},{\"@type\":\"ListItem\",\"position\":2,\"name\":\"PH7 Estar\u00e1 presente en la Feria Conxemar 2022 del 4 al 6 Oct.\"}]},{\"@type\":\"WebSite\",\"@id\":\"https:\\\/\\\/www.ph7foodtech.com\\\/es\\\/#website\",\"url\":\"https:\\\/\\\/www.ph7foodtech.com\\\/es\\\/\",\"name\":\"PH7 Food Tech\",\"description\":\"\",\"publisher\":{\"@id\":\"https:\\\/\\\/www.ph7foodtech.com\\\/es\\\/#organization\"},\"potentialAction\":[{\"@type\":\"SearchAction\",\"target\":{\"@type\":\"EntryPoint\",\"urlTemplate\":\"https:\\\/\\\/www.ph7foodtech.com\\\/es\\\/?s={search_term_string}\"},\"query-input\":{\"@type\":\"PropertyValueSpecification\",\"valueRequired\":true,\"valueName\":\"search_term_string\"}}],\"inLanguage\":\"es\"},{\"@type\":\"Organization\",\"@id\":\"https:\\\/\\\/www.ph7foodtech.com\\\/es\\\/#organization\",\"name\":\"PH7 Food Tech\",\"url\":\"https:\\\/\\\/www.ph7foodtech.com\\\/es\\\/\",\"logo\":{\"@type\":\"ImageObject\",\"inLanguage\":\"es\",\"@id\":\"https:\\\/\\\/www.ph7foodtech.com\\\/es\\\/#\\\/schema\\\/logo\\\/image\\\/\",\"url\":\"https:\\\/\\\/www.ph7foodtech.com\\\/wp-content\\\/uploads\\\/2025\\\/08\\\/PH7-logo-Sand-Negativo.svg\",\"contentUrl\":\"https:\\\/\\\/www.ph7foodtech.com\\\/wp-content\\\/uploads\\\/2025\\\/08\\\/PH7-logo-Sand-Negativo.svg\",\"width\":841,\"height\":595,\"caption\":\"PH7 Food Tech\"},\"image\":{\"@id\":\"https:\\\/\\\/www.ph7foodtech.com\\\/es\\\/#\\\/schema\\\/logo\\\/image\\\/\"}},{\"@type\":\"Person\",\"@id\":\"https:\\\/\\\/www.ph7foodtech.com\\\/es\\\/#\\\/schema\\\/person\\\/61beb87190c16914a9da186ed4dbe09a\",\"name\":\"Toni Lopez Buxo\",\"image\":{\"@type\":\"ImageObject\",\"inLanguage\":\"es\",\"@id\":\"https:\\\/\\\/secure.gravatar.com\\\/avatar\\\/93107b4a0f4e0facb9d415035200818c42209f6308b49223fe0135b817a9b276?s=96&d=mm&r=g\",\"url\":\"https:\\\/\\\/secure.gravatar.com\\\/avatar\\\/93107b4a0f4e0facb9d415035200818c42209f6308b49223fe0135b817a9b276?s=96&d=mm&r=g\",\"contentUrl\":\"https:\\\/\\\/secure.gravatar.com\\\/avatar\\\/93107b4a0f4e0facb9d415035200818c42209f6308b49223fe0135b817a9b276?s=96&d=mm&r=g\",\"caption\":\"Toni Lopez Buxo\"},\"sameAs\":[\"https:\\\/\\\/ph7-a1.c.wetopi.com\"],\"url\":\"https:\\\/\\\/www.ph7foodtech.com\\\/es\\\/blog\\\/author\\\/toni-lopez-buxo\\\/\"}]}<\/script>\n<!-- \/ Yoast SEO plugin. -->","yoast_head_json":{"title":"PH7 Estar\u00e1 presente en la Feria Conxemar 2022 del 4 al 6 Oct. - PH7 Food Tech","robots":{"index":"index","follow":"follow","max-snippet":"max-snippet:-1","max-image-preview":"max-image-preview:large","max-video-preview":"max-video-preview:-1"},"canonical":"https:\/\/www.ph7foodtech.com\/es\/blog\/ph7-estara-presente-en-la-feria-conxemar-2022-del-4-al-6-oct\/","og_locale":"es_ES","og_type":"article","og_title":"PH7 Estar\u00e1 presente en la Feria Conxemar 2022 del 4 al 6 Oct. - PH7 Food Tech","og_description":"PH7 Food Technology estar\u00e1 presente un a\u00f1o m\u00e1s en la&nbsp;Feria Internacional de Productos del Mar Congelados (CONXEMAR)&nbsp;que se celebrar\u00e1 en [&hellip;]","og_url":"https:\/\/www.ph7foodtech.com\/es\/blog\/ph7-estara-presente-en-la-feria-conxemar-2022-del-4-al-6-oct\/","og_site_name":"PH7 Food Tech","article_published_time":"2022-09-13T09:33:41+00:00","article_modified_time":"2025-07-23T11:03:21+00:00","og_image":[{"width":2103,"height":2094,"url":"https:\/\/www.ph7foodtech.com\/wp-content\/uploads\/2025\/06\/Desktop-Facilita-el-trabajo-en-los-procesos-productivos.webp","type":"image\/webp"}],"author":"Toni Lopez Buxo","twitter_card":"summary_large_image","twitter_misc":{"Escrito por":"Toni Lopez Buxo","Tiempo de lectura":"2 minutos"},"schema":{"@context":"https:\/\/schema.org","@graph":[{"@type":"Article","@id":"https:\/\/www.ph7foodtech.com\/es\/blog\/ph7-estara-presente-en-la-feria-conxemar-2022-del-4-al-6-oct\/#article","isPartOf":{"@id":"https:\/\/www.ph7foodtech.com\/es\/blog\/ph7-estara-presente-en-la-feria-conxemar-2022-del-4-al-6-oct\/"},"author":{"name":"Toni Lopez Buxo","@id":"https:\/\/www.ph7foodtech.com\/es\/#\/schema\/person\/61beb87190c16914a9da186ed4dbe09a"},"headline":"PH7 Estar\u00e1 presente en la Feria Conxemar 2022 del 4 al 6 Oct.","datePublished":"2022-09-13T09:33:41+00:00","dateModified":"2025-07-23T11:03:21+00:00","mainEntityOfPage":{"@id":"https:\/\/www.ph7foodtech.com\/es\/blog\/ph7-estara-presente-en-la-feria-conxemar-2022-del-4-al-6-oct\/"},"wordCount":358,"commentCount":0,"publisher":{"@id":"https:\/\/www.ph7foodtech.com\/es\/#organization"},"image":{"@id":"https:\/\/www.ph7foodtech.com\/es\/blog\/ph7-estara-presente-en-la-feria-conxemar-2022-del-4-al-6-oct\/#primaryimage"},"thumbnailUrl":"https:\/\/www.ph7foodtech.com\/wp-content\/uploads\/2025\/06\/Desktop-Facilita-el-trabajo-en-los-procesos-productivos.webp","articleSection":["Sin categorizar"],"inLanguage":"es","potentialAction":[{"@type":"CommentAction","name":"Comment","target":["https:\/\/www.ph7foodtech.com\/es\/blog\/ph7-estara-presente-en-la-feria-conxemar-2022-del-4-al-6-oct\/#respond"]}]},{"@type":"WebPage","@id":"https:\/\/www.ph7foodtech.com\/es\/blog\/ph7-estara-presente-en-la-feria-conxemar-2022-del-4-al-6-oct\/","url":"https:\/\/www.ph7foodtech.com\/es\/blog\/ph7-estara-presente-en-la-feria-conxemar-2022-del-4-al-6-oct\/","name":"PH7 Estar\u00e1 presente en la Feria Conxemar 2022 del 4 al 6 Oct. - PH7 Food Tech","isPartOf":{"@id":"https:\/\/www.ph7foodtech.com\/es\/#website"},"primaryImageOfPage":{"@id":"https:\/\/www.ph7foodtech.com\/es\/blog\/ph7-estara-presente-en-la-feria-conxemar-2022-del-4-al-6-oct\/#primaryimage"},"image":{"@id":"https:\/\/www.ph7foodtech.com\/es\/blog\/ph7-estara-presente-en-la-feria-conxemar-2022-del-4-al-6-oct\/#primaryimage"},"thumbnailUrl":"https:\/\/www.ph7foodtech.com\/wp-content\/uploads\/2025\/06\/Desktop-Facilita-el-trabajo-en-los-procesos-productivos.webp","datePublished":"2022-09-13T09:33:41+00:00","dateModified":"2025-07-23T11:03:21+00:00","breadcrumb":{"@id":"https:\/\/www.ph7foodtech.com\/es\/blog\/ph7-estara-presente-en-la-feria-conxemar-2022-del-4-al-6-oct\/#breadcrumb"},"inLanguage":"es","potentialAction":[{"@type":"ReadAction","target":["https:\/\/www.ph7foodtech.com\/es\/blog\/ph7-estara-presente-en-la-feria-conxemar-2022-del-4-al-6-oct\/"]}]},{"@type":"ImageObject","inLanguage":"es","@id":"https:\/\/www.ph7foodtech.com\/es\/blog\/ph7-estara-presente-en-la-feria-conxemar-2022-del-4-al-6-oct\/#primaryimage","url":"https:\/\/www.ph7foodtech.com\/wp-content\/uploads\/2025\/06\/Desktop-Facilita-el-trabajo-en-los-procesos-productivos.webp","contentUrl":"https:\/\/www.ph7foodtech.com\/wp-content\/uploads\/2025\/06\/Desktop-Facilita-el-trabajo-en-los-procesos-productivos.webp","width":2103,"height":2094},{"@type":"BreadcrumbList","@id":"https:\/\/www.ph7foodtech.com\/es\/blog\/ph7-estara-presente-en-la-feria-conxemar-2022-del-4-al-6-oct\/#breadcrumb","itemListElement":[{"@type":"ListItem","position":1,"name":"Portada","item":"https:\/\/www.ph7foodtech.com\/es\/"},{"@type":"ListItem","position":2,"name":"PH7 Estar\u00e1 presente en la Feria Conxemar 2022 del 4 al 6 Oct."}]},{"@type":"WebSite","@id":"https:\/\/www.ph7foodtech.com\/es\/#website","url":"https:\/\/www.ph7foodtech.com\/es\/","name":"PH7 Food Tech","description":"","publisher":{"@id":"https:\/\/www.ph7foodtech.com\/es\/#organization"},"potentialAction":[{"@type":"SearchAction","target":{"@type":"EntryPoint","urlTemplate":"https:\/\/www.ph7foodtech.com\/es\/?s={search_term_string}"},"query-input":{"@type":"PropertyValueSpecification","valueRequired":true,"valueName":"search_term_string"}}],"inLanguage":"es"},{"@type":"Organization","@id":"https:\/\/www.ph7foodtech.com\/es\/#organization","name":"PH7 Food Tech","url":"https:\/\/www.ph7foodtech.com\/es\/","logo":{"@type":"ImageObject","inLanguage":"es","@id":"https:\/\/www.ph7foodtech.com\/es\/#\/schema\/logo\/image\/","url":"https:\/\/www.ph7foodtech.com\/wp-content\/uploads\/2025\/08\/PH7-logo-Sand-Negativo.svg","contentUrl":"https:\/\/www.ph7foodtech.com\/wp-content\/uploads\/2025\/08\/PH7-logo-Sand-Negativo.svg","width":841,"height":595,"caption":"PH7 Food Tech"},"image":{"@id":"https:\/\/www.ph7foodtech.com\/es\/#\/schema\/logo\/image\/"}},{"@type":"Person","@id":"https:\/\/www.ph7foodtech.com\/es\/#\/schema\/person\/61beb87190c16914a9da186ed4dbe09a","name":"Toni Lopez Buxo","image":{"@type":"ImageObject","inLanguage":"es","@id":"https:\/\/secure.gravatar.com\/avatar\/93107b4a0f4e0facb9d415035200818c42209f6308b49223fe0135b817a9b276?s=96&d=mm&r=g","url":"https:\/\/secure.gravatar.com\/avatar\/93107b4a0f4e0facb9d415035200818c42209f6308b49223fe0135b817a9b276?s=96&d=mm&r=g","contentUrl":"https:\/\/secure.gravatar.com\/avatar\/93107b4a0f4e0facb9d415035200818c42209f6308b49223fe0135b817a9b276?s=96&d=mm&r=g","caption":"Toni Lopez Buxo"},"sameAs":["https:\/\/ph7-a1.c.wetopi.com"],"url":"https:\/\/www.ph7foodtech.com\/es\/blog\/author\/toni-lopez-buxo\/"}]}},"_links":{"self":[{"href":"https:\/\/www.ph7foodtech.com\/es\/wp-json\/wp\/v2\/posts\/4203","targetHints":{"allow":["GET"]}}],"collection":[{"href":"https:\/\/www.ph7foodtech.com\/es\/wp-json\/wp\/v2\/posts"}],"about":[{"href":"https:\/\/www.ph7foodtech.com\/es\/wp-json\/wp\/v2\/types\/post"}],"author":[{"embeddable":true,"href":"https:\/\/www.ph7foodtech.com\/es\/wp-json\/wp\/v2\/users\/1"}],"replies":[{"embeddable":true,"href":"https:\/\/www.ph7foodtech.com\/es\/wp-json\/wp\/v2\/comments?post=4203"}],"version-history":[{"count":1,"href":"https:\/\/www.ph7foodtech.com\/es\/wp-json\/wp\/v2\/posts\/4203\/revisions"}],"predecessor-version":[{"id":5357,"href":"https:\/\/www.ph7foodtech.com\/es\/wp-json\/wp\/v2\/posts\/4203\/revisions\/5357"}],"wp:featuredmedia":[{"embeddable":true,"href":"https:\/\/www.ph7foodtech.com\/es\/wp-json\/wp\/v2\/media\/5509"}],"wp:attachment":[{"href":"https:\/\/www.ph7foodtech.com\/es\/wp-json\/wp\/v2\/media?parent=4203"}],"wp:term":[{"taxonomy":"category","embeddable":true,"href":"https:\/\/www.ph7foodtech.com\/es\/wp-json\/wp\/v2\/categories?post=4203"},{"taxonomy":"post_tag","embeddable":true,"href":"https:\/\/www.ph7foodtech.com\/es\/wp-json\/wp\/v2\/tags?post=4203"}],"curies":[{"name":"wp","href":"https:\/\/api.w.org\/{rel}","templated":true}]}}