{"id":4000,"date":"2022-03-25T16:43:26","date_gmt":"2022-03-25T15:43:26","guid":{"rendered":"https:\/\/www.ph7foodtech.com\/?p=4000"},"modified":"2025-05-30T00:03:29","modified_gmt":"2025-05-29T22:03:29","slug":"ph7-estara-presente-en-la-seafood-expo-global-en-barcelona","status":"publish","type":"post","link":"https:\/\/www.ph7foodtech.com\/es\/blog\/ph7-estara-presente-en-la-seafood-expo-global-en-barcelona\/","title":{"rendered":"PH7 estar\u00e1 presente en la Seafood Expo Global en Barcelona"},"content":{"rendered":"\n<p>Del&nbsp;26 al 28&nbsp;de abril tendr\u00e1 lugar por primera vez en Barcelona la&nbsp;<strong>Feria Internacional Seafood Expo Global<\/strong>: el mayor y m\u00e1s diverso sal\u00f3n del mundo de productos del mar, un evento que re\u00fane a m\u00e1s de 29.000 profesionales del sector de alrededor del mundo y a m\u00e1s de 2.000 empresas expositoras de 89 pa\u00edses.<\/p>\n\n\n\n<p>La organizaci\u00f3n ha anunciado que la 28\u00aa edici\u00f3n del evento es hasta el momento mayor que cualquiera de las ediciones anteriores de la mayor feria de productos del mar del mundo. Se han vendido 41,985 metros cuadrados de espacio de exposici\u00f3n, lo que supone un 3,3% m\u00e1s que en 2019, la edici\u00f3n m\u00e1s grande del sal\u00f3n celebrada hasta ahora. La Expo tendr\u00e1 lugar en los pabellones 2, 3, 4, 5 y la Galer\u00eda entre los pabellones 4 y 5 de Fira de Barcelona.<\/p>\n\n\n\n<p><strong>Nos hace mucha ilusi\u00f3n poder asistir un a\u00f1o m\u00e1s como expositores&nbsp;en la Seafood Expo Global<\/strong>. Nuestro stand es el&nbsp;<strong>2H401<\/strong>, ubicado al lado del stand del Ministerio de Agricultura, Pesca y Alimentaci\u00f3n. Ser\u00e1 una buena&nbsp;oportunidad para reencontrarnos y presentarte&nbsp;nuestras soluciones de aditivos para el pescado y precocinados que pueden mejorar tu producci\u00f3n y mejorar la calidad, apariencia y textura de tus productos.&nbsp;<\/p>\n\n\n\n<p><strong>Nos encontrar\u00e1s en el stand 2H401 en los siguientes horarios:<\/strong><\/p>\n\n\n\n<p>Martes 26&nbsp;de Abril 10:00h \u2013 19:00h<br>Mi\u00e9rcoles 27&nbsp;de Abril 10:00h \u2013 19:00h<br>Jueves 28&nbsp;de Abril 10:00h \u2013 17:00h<\/p>\n\n\n\n<figure class=\"wp-block-image size-large\"><img fetchpriority=\"high\" decoding=\"async\" width=\"800\" height=\"700\" src=\"https:\/\/www.ph7foodtech.com\/wp-content\/uploads\/2022\/03\/Seafood-Map-PH7-Stand-2.png\" alt=\"\" class=\"wp-image-4002\" srcset=\"https:\/\/www.ph7foodtech.com\/wp-content\/uploads\/2022\/03\/Seafood-Map-PH7-Stand-2.png 800w, https:\/\/www.ph7foodtech.com\/wp-content\/uploads\/2022\/03\/Seafood-Map-PH7-Stand-2-300x263.png 300w, https:\/\/www.ph7foodtech.com\/wp-content\/uploads\/2022\/03\/Seafood-Map-PH7-Stand-2-768x672.png 768w\" sizes=\"(max-width: 800px) 100vw, 800px\" \/><\/figure>\n\n\n\n<p>Te recibiremos siguiendo todas las medidas de seguridad que encontrar\u00e1s en el&nbsp;<a href=\"https:\/\/www.seafoodexpo.com\/global\/health-and-safety\/\" target=\"_blank\" rel=\"noreferrer noopener\">protocolo COVID-19<\/a>&nbsp;realizado por la organizaci\u00f3n.<\/p>\n\n\n\n<p>Obt\u00e9n tu invitaci\u00f3n&nbsp;<a href=\"\/es\/contacto\">contactando con nosotros.&nbsp;<\/a><\/p>\n\n\n\n<p><\/p>\n","protected":false},"excerpt":{"rendered":"<p>Del&nbsp;26 al 28&nbsp;de abril tendr\u00e1 lugar por primera vez en Barcelona la&nbsp;Feria Internacional Seafood Expo Global: el mayor y m\u00e1s [&hellip;]<\/p>\n","protected":false},"author":1,"featured_media":4009,"comment_status":"open","ping_status":"open","sticky":false,"template":"","format":"standard","meta":{"site-sidebar-layout":"default","site-content-layout":"","ast-site-content-layout":"","site-content-style":"default","site-sidebar-style":"default","ast-global-header-display":"","ast-banner-title-visibility":"","ast-main-header-display":"","ast-hfb-above-header-display":"","ast-hfb-below-header-display":"","ast-hfb-mobile-header-display":"","site-post-title":"","ast-breadcrumbs-content":"","ast-featured-img":"","footer-sml-layout":"","theme-transparent-header-meta":"","adv-header-id-meta":"","stick-header-meta":"","header-above-stick-meta":"","header-main-stick-meta":"","header-below-stick-meta":"","astra-migrate-meta-layouts":"default","ast-page-background-enabled":"default","ast-page-background-meta":{"desktop":{"background-color":"var(--ast-global-color-5)","background-image":"","background-repeat":"repeat","background-position":"center center","background-size":"auto","background-attachment":"scroll","background-type":"","background-media":"","overlay-type":"","overlay-color":"","overlay-opacity":"","overlay-gradient":""},"tablet":{"background-color":"","background-image":"","background-repeat":"repeat","background-position":"center center","background-size":"auto","background-attachment":"scroll","background-type":"","background-media":"","overlay-type":"","overlay-color":"","overlay-opacity":"","overlay-gradient":""},"mobile":{"background-color":"","background-image":"","background-repeat":"repeat","background-position":"center center","background-size":"auto","background-attachment":"scroll","background-type":"","background-media":"","overlay-type":"","overlay-color":"","overlay-opacity":"","overlay-gradient":""}},"ast-content-background-meta":{"desktop":{"background-color":"var(--ast-global-color-4)","background-image":"","background-repeat":"repeat","background-position":"center center","background-size":"auto","background-attachment":"scroll","background-type":"","background-media":"","overlay-type":"","overlay-color":"","overlay-opacity":"","overlay-gradient":""},"tablet":{"background-color":"var(--ast-global-color-4)","background-image":"","background-repeat":"repeat","background-position":"center center","background-size":"auto","background-attachment":"scroll","background-type":"","background-media":"","overlay-type":"","overlay-color":"","overlay-opacity":"","overlay-gradient":""},"mobile":{"background-color":"var(--ast-global-color-4)","background-image":"","background-repeat":"repeat","background-position":"center center","background-size":"auto","background-attachment":"scroll","background-type":"","background-media":"","overlay-type":"","overlay-color":"","overlay-opacity":"","overlay-gradient":""}},"footnotes":""},"categories":[44],"tags":[],"class_list":["post-4000","post","type-post","status-publish","format-standard","has-post-thumbnail","hentry","category-sin-categorizar-2"],"yoast_head":"<!-- This site is optimized with the Yoast SEO plugin v27.5 - https:\/\/yoast.com\/product\/yoast-seo-wordpress\/ -->\n<title>PH7 estar\u00e1 presente en la Seafood Expo Global en Barcelona - PH7 Food Tech<\/title>\n<meta name=\"robots\" content=\"index, follow, max-snippet:-1, max-image-preview:large, max-video-preview:-1\" \/>\n<link rel=\"canonical\" href=\"https:\/\/www.ph7foodtech.com\/es\/blog\/ph7-estara-presente-en-la-seafood-expo-global-en-barcelona\/\" \/>\n<meta property=\"og:locale\" content=\"es_ES\" \/>\n<meta property=\"og:type\" content=\"article\" \/>\n<meta property=\"og:title\" content=\"PH7 estar\u00e1 presente en la Seafood Expo Global en Barcelona - PH7 Food Tech\" \/>\n<meta property=\"og:description\" content=\"Del&nbsp;26 al 28&nbsp;de abril tendr\u00e1 lugar por primera vez en Barcelona la&nbsp;Feria Internacional Seafood Expo Global: el mayor y m\u00e1s [&hellip;]\" \/>\n<meta property=\"og:url\" content=\"https:\/\/www.ph7foodtech.com\/es\/blog\/ph7-estara-presente-en-la-seafood-expo-global-en-barcelona\/\" \/>\n<meta property=\"og:site_name\" content=\"PH7 Food Tech\" \/>\n<meta property=\"article:published_time\" content=\"2022-03-25T15:43:26+00:00\" \/>\n<meta property=\"article:modified_time\" content=\"2025-05-29T22:03:29+00:00\" \/>\n<meta property=\"og:image\" content=\"https:\/\/www.ph7foodtech.com\/wp-content\/uploads\/2022\/03\/PH7-Seafood-2022-Blog.png\" \/>\n\t<meta property=\"og:image:width\" content=\"1080\" \/>\n\t<meta property=\"og:image:height\" content=\"500\" \/>\n\t<meta property=\"og:image:type\" content=\"image\/png\" \/>\n<meta name=\"author\" content=\"Toni Lopez Buxo\" \/>\n<meta name=\"twitter:card\" content=\"summary_large_image\" \/>\n<meta name=\"twitter:label1\" content=\"Escrito por\" \/>\n\t<meta name=\"twitter:data1\" content=\"Toni Lopez Buxo\" \/>\n\t<meta name=\"twitter:label2\" content=\"Tiempo de lectura\" \/>\n\t<meta name=\"twitter:data2\" content=\"2 minutos\" \/>\n<script type=\"application\/ld+json\" class=\"yoast-schema-graph\">{\"@context\":\"https:\\\/\\\/schema.org\",\"@graph\":[{\"@type\":\"Article\",\"@id\":\"https:\\\/\\\/www.ph7foodtech.com\\\/es\\\/blog\\\/ph7-estara-presente-en-la-seafood-expo-global-en-barcelona\\\/#article\",\"isPartOf\":{\"@id\":\"https:\\\/\\\/www.ph7foodtech.com\\\/es\\\/blog\\\/ph7-estara-presente-en-la-seafood-expo-global-en-barcelona\\\/\"},\"author\":{\"name\":\"Toni Lopez Buxo\",\"@id\":\"https:\\\/\\\/www.ph7foodtech.com\\\/es\\\/#\\\/schema\\\/person\\\/61beb87190c16914a9da186ed4dbe09a\"},\"headline\":\"PH7 estar\u00e1 presente en la Seafood Expo Global en Barcelona\",\"datePublished\":\"2022-03-25T15:43:26+00:00\",\"dateModified\":\"2025-05-29T22:03:29+00:00\",\"mainEntityOfPage\":{\"@id\":\"https:\\\/\\\/www.ph7foodtech.com\\\/es\\\/blog\\\/ph7-estara-presente-en-la-seafood-expo-global-en-barcelona\\\/\"},\"wordCount\":286,\"commentCount\":0,\"publisher\":{\"@id\":\"https:\\\/\\\/www.ph7foodtech.com\\\/es\\\/#organization\"},\"image\":{\"@id\":\"https:\\\/\\\/www.ph7foodtech.com\\\/es\\\/blog\\\/ph7-estara-presente-en-la-seafood-expo-global-en-barcelona\\\/#primaryimage\"},\"thumbnailUrl\":\"https:\\\/\\\/www.ph7foodtech.com\\\/wp-content\\\/uploads\\\/2022\\\/03\\\/PH7-Seafood-2022-Blog.png\",\"articleSection\":[\"Sin categorizar\"],\"inLanguage\":\"es\",\"potentialAction\":[{\"@type\":\"CommentAction\",\"name\":\"Comment\",\"target\":[\"https:\\\/\\\/www.ph7foodtech.com\\\/es\\\/blog\\\/ph7-estara-presente-en-la-seafood-expo-global-en-barcelona\\\/#respond\"]}]},{\"@type\":\"WebPage\",\"@id\":\"https:\\\/\\\/www.ph7foodtech.com\\\/es\\\/blog\\\/ph7-estara-presente-en-la-seafood-expo-global-en-barcelona\\\/\",\"url\":\"https:\\\/\\\/www.ph7foodtech.com\\\/es\\\/blog\\\/ph7-estara-presente-en-la-seafood-expo-global-en-barcelona\\\/\",\"name\":\"PH7 estar\u00e1 presente en la Seafood Expo Global en Barcelona - PH7 Food Tech\",\"isPartOf\":{\"@id\":\"https:\\\/\\\/www.ph7foodtech.com\\\/es\\\/#website\"},\"primaryImageOfPage\":{\"@id\":\"https:\\\/\\\/www.ph7foodtech.com\\\/es\\\/blog\\\/ph7-estara-presente-en-la-seafood-expo-global-en-barcelona\\\/#primaryimage\"},\"image\":{\"@id\":\"https:\\\/\\\/www.ph7foodtech.com\\\/es\\\/blog\\\/ph7-estara-presente-en-la-seafood-expo-global-en-barcelona\\\/#primaryimage\"},\"thumbnailUrl\":\"https:\\\/\\\/www.ph7foodtech.com\\\/wp-content\\\/uploads\\\/2022\\\/03\\\/PH7-Seafood-2022-Blog.png\",\"datePublished\":\"2022-03-25T15:43:26+00:00\",\"dateModified\":\"2025-05-29T22:03:29+00:00\",\"breadcrumb\":{\"@id\":\"https:\\\/\\\/www.ph7foodtech.com\\\/es\\\/blog\\\/ph7-estara-presente-en-la-seafood-expo-global-en-barcelona\\\/#breadcrumb\"},\"inLanguage\":\"es\",\"potentialAction\":[{\"@type\":\"ReadAction\",\"target\":[\"https:\\\/\\\/www.ph7foodtech.com\\\/es\\\/blog\\\/ph7-estara-presente-en-la-seafood-expo-global-en-barcelona\\\/\"]}]},{\"@type\":\"ImageObject\",\"inLanguage\":\"es\",\"@id\":\"https:\\\/\\\/www.ph7foodtech.com\\\/es\\\/blog\\\/ph7-estara-presente-en-la-seafood-expo-global-en-barcelona\\\/#primaryimage\",\"url\":\"https:\\\/\\\/www.ph7foodtech.com\\\/wp-content\\\/uploads\\\/2022\\\/03\\\/PH7-Seafood-2022-Blog.png\",\"contentUrl\":\"https:\\\/\\\/www.ph7foodtech.com\\\/wp-content\\\/uploads\\\/2022\\\/03\\\/PH7-Seafood-2022-Blog.png\",\"width\":1080,\"height\":500},{\"@type\":\"BreadcrumbList\",\"@id\":\"https:\\\/\\\/www.ph7foodtech.com\\\/es\\\/blog\\\/ph7-estara-presente-en-la-seafood-expo-global-en-barcelona\\\/#breadcrumb\",\"itemListElement\":[{\"@type\":\"ListItem\",\"position\":1,\"name\":\"Portada\",\"item\":\"https:\\\/\\\/www.ph7foodtech.com\\\/es\\\/\"},{\"@type\":\"ListItem\",\"position\":2,\"name\":\"PH7 estar\u00e1 presente en la Seafood Expo Global en Barcelona\"}]},{\"@type\":\"WebSite\",\"@id\":\"https:\\\/\\\/www.ph7foodtech.com\\\/es\\\/#website\",\"url\":\"https:\\\/\\\/www.ph7foodtech.com\\\/es\\\/\",\"name\":\"PH7 Food Tech\",\"description\":\"\",\"publisher\":{\"@id\":\"https:\\\/\\\/www.ph7foodtech.com\\\/es\\\/#organization\"},\"potentialAction\":[{\"@type\":\"SearchAction\",\"target\":{\"@type\":\"EntryPoint\",\"urlTemplate\":\"https:\\\/\\\/www.ph7foodtech.com\\\/es\\\/?s={search_term_string}\"},\"query-input\":{\"@type\":\"PropertyValueSpecification\",\"valueRequired\":true,\"valueName\":\"search_term_string\"}}],\"inLanguage\":\"es\"},{\"@type\":\"Organization\",\"@id\":\"https:\\\/\\\/www.ph7foodtech.com\\\/es\\\/#organization\",\"name\":\"PH7 Food Tech\",\"url\":\"https:\\\/\\\/www.ph7foodtech.com\\\/es\\\/\",\"logo\":{\"@type\":\"ImageObject\",\"inLanguage\":\"es\",\"@id\":\"https:\\\/\\\/www.ph7foodtech.com\\\/es\\\/#\\\/schema\\\/logo\\\/image\\\/\",\"url\":\"https:\\\/\\\/www.ph7foodtech.com\\\/wp-content\\\/uploads\\\/2025\\\/08\\\/PH7-logo-Sand-Negativo.svg\",\"contentUrl\":\"https:\\\/\\\/www.ph7foodtech.com\\\/wp-content\\\/uploads\\\/2025\\\/08\\\/PH7-logo-Sand-Negativo.svg\",\"width\":841,\"height\":595,\"caption\":\"PH7 Food Tech\"},\"image\":{\"@id\":\"https:\\\/\\\/www.ph7foodtech.com\\\/es\\\/#\\\/schema\\\/logo\\\/image\\\/\"}},{\"@type\":\"Person\",\"@id\":\"https:\\\/\\\/www.ph7foodtech.com\\\/es\\\/#\\\/schema\\\/person\\\/61beb87190c16914a9da186ed4dbe09a\",\"name\":\"Toni Lopez Buxo\",\"image\":{\"@type\":\"ImageObject\",\"inLanguage\":\"es\",\"@id\":\"https:\\\/\\\/secure.gravatar.com\\\/avatar\\\/93107b4a0f4e0facb9d415035200818c42209f6308b49223fe0135b817a9b276?s=96&d=mm&r=g\",\"url\":\"https:\\\/\\\/secure.gravatar.com\\\/avatar\\\/93107b4a0f4e0facb9d415035200818c42209f6308b49223fe0135b817a9b276?s=96&d=mm&r=g\",\"contentUrl\":\"https:\\\/\\\/secure.gravatar.com\\\/avatar\\\/93107b4a0f4e0facb9d415035200818c42209f6308b49223fe0135b817a9b276?s=96&d=mm&r=g\",\"caption\":\"Toni Lopez Buxo\"},\"sameAs\":[\"https:\\\/\\\/ph7-a1.c.wetopi.com\"],\"url\":\"https:\\\/\\\/www.ph7foodtech.com\\\/es\\\/blog\\\/author\\\/toni-lopez-buxo\\\/\"}]}<\/script>\n<!-- \/ Yoast SEO plugin. -->","yoast_head_json":{"title":"PH7 estar\u00e1 presente en la Seafood Expo Global en Barcelona - PH7 Food Tech","robots":{"index":"index","follow":"follow","max-snippet":"max-snippet:-1","max-image-preview":"max-image-preview:large","max-video-preview":"max-video-preview:-1"},"canonical":"https:\/\/www.ph7foodtech.com\/es\/blog\/ph7-estara-presente-en-la-seafood-expo-global-en-barcelona\/","og_locale":"es_ES","og_type":"article","og_title":"PH7 estar\u00e1 presente en la Seafood Expo Global en Barcelona - PH7 Food Tech","og_description":"Del&nbsp;26 al 28&nbsp;de abril tendr\u00e1 lugar por primera vez en Barcelona la&nbsp;Feria Internacional Seafood Expo Global: el mayor y m\u00e1s [&hellip;]","og_url":"https:\/\/www.ph7foodtech.com\/es\/blog\/ph7-estara-presente-en-la-seafood-expo-global-en-barcelona\/","og_site_name":"PH7 Food Tech","article_published_time":"2022-03-25T15:43:26+00:00","article_modified_time":"2025-05-29T22:03:29+00:00","og_image":[{"width":1080,"height":500,"url":"https:\/\/www.ph7foodtech.com\/wp-content\/uploads\/2022\/03\/PH7-Seafood-2022-Blog.png","type":"image\/png"}],"author":"Toni Lopez Buxo","twitter_card":"summary_large_image","twitter_misc":{"Escrito por":"Toni Lopez Buxo","Tiempo de lectura":"2 minutos"},"schema":{"@context":"https:\/\/schema.org","@graph":[{"@type":"Article","@id":"https:\/\/www.ph7foodtech.com\/es\/blog\/ph7-estara-presente-en-la-seafood-expo-global-en-barcelona\/#article","isPartOf":{"@id":"https:\/\/www.ph7foodtech.com\/es\/blog\/ph7-estara-presente-en-la-seafood-expo-global-en-barcelona\/"},"author":{"name":"Toni Lopez Buxo","@id":"https:\/\/www.ph7foodtech.com\/es\/#\/schema\/person\/61beb87190c16914a9da186ed4dbe09a"},"headline":"PH7 estar\u00e1 presente en la Seafood Expo Global en Barcelona","datePublished":"2022-03-25T15:43:26+00:00","dateModified":"2025-05-29T22:03:29+00:00","mainEntityOfPage":{"@id":"https:\/\/www.ph7foodtech.com\/es\/blog\/ph7-estara-presente-en-la-seafood-expo-global-en-barcelona\/"},"wordCount":286,"commentCount":0,"publisher":{"@id":"https:\/\/www.ph7foodtech.com\/es\/#organization"},"image":{"@id":"https:\/\/www.ph7foodtech.com\/es\/blog\/ph7-estara-presente-en-la-seafood-expo-global-en-barcelona\/#primaryimage"},"thumbnailUrl":"https:\/\/www.ph7foodtech.com\/wp-content\/uploads\/2022\/03\/PH7-Seafood-2022-Blog.png","articleSection":["Sin categorizar"],"inLanguage":"es","potentialAction":[{"@type":"CommentAction","name":"Comment","target":["https:\/\/www.ph7foodtech.com\/es\/blog\/ph7-estara-presente-en-la-seafood-expo-global-en-barcelona\/#respond"]}]},{"@type":"WebPage","@id":"https:\/\/www.ph7foodtech.com\/es\/blog\/ph7-estara-presente-en-la-seafood-expo-global-en-barcelona\/","url":"https:\/\/www.ph7foodtech.com\/es\/blog\/ph7-estara-presente-en-la-seafood-expo-global-en-barcelona\/","name":"PH7 estar\u00e1 presente en la Seafood Expo Global en Barcelona - PH7 Food Tech","isPartOf":{"@id":"https:\/\/www.ph7foodtech.com\/es\/#website"},"primaryImageOfPage":{"@id":"https:\/\/www.ph7foodtech.com\/es\/blog\/ph7-estara-presente-en-la-seafood-expo-global-en-barcelona\/#primaryimage"},"image":{"@id":"https:\/\/www.ph7foodtech.com\/es\/blog\/ph7-estara-presente-en-la-seafood-expo-global-en-barcelona\/#primaryimage"},"thumbnailUrl":"https:\/\/www.ph7foodtech.com\/wp-content\/uploads\/2022\/03\/PH7-Seafood-2022-Blog.png","datePublished":"2022-03-25T15:43:26+00:00","dateModified":"2025-05-29T22:03:29+00:00","breadcrumb":{"@id":"https:\/\/www.ph7foodtech.com\/es\/blog\/ph7-estara-presente-en-la-seafood-expo-global-en-barcelona\/#breadcrumb"},"inLanguage":"es","potentialAction":[{"@type":"ReadAction","target":["https:\/\/www.ph7foodtech.com\/es\/blog\/ph7-estara-presente-en-la-seafood-expo-global-en-barcelona\/"]}]},{"@type":"ImageObject","inLanguage":"es","@id":"https:\/\/www.ph7foodtech.com\/es\/blog\/ph7-estara-presente-en-la-seafood-expo-global-en-barcelona\/#primaryimage","url":"https:\/\/www.ph7foodtech.com\/wp-content\/uploads\/2022\/03\/PH7-Seafood-2022-Blog.png","contentUrl":"https:\/\/www.ph7foodtech.com\/wp-content\/uploads\/2022\/03\/PH7-Seafood-2022-Blog.png","width":1080,"height":500},{"@type":"BreadcrumbList","@id":"https:\/\/www.ph7foodtech.com\/es\/blog\/ph7-estara-presente-en-la-seafood-expo-global-en-barcelona\/#breadcrumb","itemListElement":[{"@type":"ListItem","position":1,"name":"Portada","item":"https:\/\/www.ph7foodtech.com\/es\/"},{"@type":"ListItem","position":2,"name":"PH7 estar\u00e1 presente en la Seafood Expo Global en Barcelona"}]},{"@type":"WebSite","@id":"https:\/\/www.ph7foodtech.com\/es\/#website","url":"https:\/\/www.ph7foodtech.com\/es\/","name":"PH7 Food Tech","description":"","publisher":{"@id":"https:\/\/www.ph7foodtech.com\/es\/#organization"},"potentialAction":[{"@type":"SearchAction","target":{"@type":"EntryPoint","urlTemplate":"https:\/\/www.ph7foodtech.com\/es\/?s={search_term_string}"},"query-input":{"@type":"PropertyValueSpecification","valueRequired":true,"valueName":"search_term_string"}}],"inLanguage":"es"},{"@type":"Organization","@id":"https:\/\/www.ph7foodtech.com\/es\/#organization","name":"PH7 Food Tech","url":"https:\/\/www.ph7foodtech.com\/es\/","logo":{"@type":"ImageObject","inLanguage":"es","@id":"https:\/\/www.ph7foodtech.com\/es\/#\/schema\/logo\/image\/","url":"https:\/\/www.ph7foodtech.com\/wp-content\/uploads\/2025\/08\/PH7-logo-Sand-Negativo.svg","contentUrl":"https:\/\/www.ph7foodtech.com\/wp-content\/uploads\/2025\/08\/PH7-logo-Sand-Negativo.svg","width":841,"height":595,"caption":"PH7 Food Tech"},"image":{"@id":"https:\/\/www.ph7foodtech.com\/es\/#\/schema\/logo\/image\/"}},{"@type":"Person","@id":"https:\/\/www.ph7foodtech.com\/es\/#\/schema\/person\/61beb87190c16914a9da186ed4dbe09a","name":"Toni Lopez Buxo","image":{"@type":"ImageObject","inLanguage":"es","@id":"https:\/\/secure.gravatar.com\/avatar\/93107b4a0f4e0facb9d415035200818c42209f6308b49223fe0135b817a9b276?s=96&d=mm&r=g","url":"https:\/\/secure.gravatar.com\/avatar\/93107b4a0f4e0facb9d415035200818c42209f6308b49223fe0135b817a9b276?s=96&d=mm&r=g","contentUrl":"https:\/\/secure.gravatar.com\/avatar\/93107b4a0f4e0facb9d415035200818c42209f6308b49223fe0135b817a9b276?s=96&d=mm&r=g","caption":"Toni Lopez Buxo"},"sameAs":["https:\/\/ph7-a1.c.wetopi.com"],"url":"https:\/\/www.ph7foodtech.com\/es\/blog\/author\/toni-lopez-buxo\/"}]}},"_links":{"self":[{"href":"https:\/\/www.ph7foodtech.com\/es\/wp-json\/wp\/v2\/posts\/4000","targetHints":{"allow":["GET"]}}],"collection":[{"href":"https:\/\/www.ph7foodtech.com\/es\/wp-json\/wp\/v2\/posts"}],"about":[{"href":"https:\/\/www.ph7foodtech.com\/es\/wp-json\/wp\/v2\/types\/post"}],"author":[{"embeddable":true,"href":"https:\/\/www.ph7foodtech.com\/es\/wp-json\/wp\/v2\/users\/1"}],"replies":[{"embeddable":true,"href":"https:\/\/www.ph7foodtech.com\/es\/wp-json\/wp\/v2\/comments?post=4000"}],"version-history":[{"count":1,"href":"https:\/\/www.ph7foodtech.com\/es\/wp-json\/wp\/v2\/posts\/4000\/revisions"}],"predecessor-version":[{"id":5353,"href":"https:\/\/www.ph7foodtech.com\/es\/wp-json\/wp\/v2\/posts\/4000\/revisions\/5353"}],"wp:featuredmedia":[{"embeddable":true,"href":"https:\/\/www.ph7foodtech.com\/es\/wp-json\/wp\/v2\/media\/4009"}],"wp:attachment":[{"href":"https:\/\/www.ph7foodtech.com\/es\/wp-json\/wp\/v2\/media?parent=4000"}],"wp:term":[{"taxonomy":"category","embeddable":true,"href":"https:\/\/www.ph7foodtech.com\/es\/wp-json\/wp\/v2\/categories?post=4000"},{"taxonomy":"post_tag","embeddable":true,"href":"https:\/\/www.ph7foodtech.com\/es\/wp-json\/wp\/v2\/tags?post=4000"}],"curies":[{"name":"wp","href":"https:\/\/api.w.org\/{rel}","templated":true}]}}