{"id":3232,"date":"2021-04-15T09:53:32","date_gmt":"2021-04-15T08:53:32","guid":{"rendered":"https:\/\/www.ph7foodtech.com\/?p=3232"},"modified":"2025-05-30T00:03:25","modified_gmt":"2025-05-29T22:03:25","slug":"ph7-y-grupo-barcelonesa-comprometidos-con-el-sector-alimentario","status":"publish","type":"post","link":"https:\/\/www.ph7foodtech.com\/es\/blog\/ph7-y-grupo-barcelonesa-comprometidos-con-el-sector-alimentario\/","title":{"rendered":"PH7 y Grupo Barcelonesa, comprometidos con el sector alimentario"},"content":{"rendered":"\n<p>PH7&nbsp;Food Technology&nbsp;es la <strong>marca tecnol\u00f3gica de aditivos alimentarios<\/strong> dentro de la divisi\u00f3n de Alimentaci\u00f3n de Grupo Barcelonesa. Y esto, \u00bfque significa? Formar parte de un gran grupo qu\u00edmico nos permite ofrecerte un servicio personalizado, de calidad y acorde a los est\u00e1ndares de calidad de las grandes empresas del sector. \u00bfQuieres saber lo que nos aporta formar parte de Barcelonesa? Sigue leyendo!&nbsp;<\/p>\n\n\n\n<h2 class=\"wp-block-heading\">Calidad e I+D<\/h2>\n\n\n\n<p>El \u00e1rea t\u00e9cnica de Barcelonesa interviene en diferentes fases del proceso para ofrecer siempre las mejores soluciones adaptadas a tus necesidades.&nbsp;&nbsp;Se encarga de controlar que todos <strong>los productos se fabriquen acorde a las normativas de calidad aplicadas en los diferentes pa\u00edses en los que operamos y generando siempre toda la documentaci\u00f3n necesaria.<\/strong>&nbsp;Las diferentes empresas que forman parte de Grupo Barcelonesa est\u00e1n certificadas seg\u00fan la norma&nbsp;ISO y contamos con <strong>certificaciones Halal y Kosher.<\/strong>&nbsp;Disponemos de un sistema integrado de gesti\u00f3n en el que confluyen las \u00e1reas de Calidad, Seguridad y Prevenci\u00f3n de Riesgos Laborales y Medio Ambiente, garantizando un enfoque integral y sistem\u00e1tico que permite una mejora continua y el cumplimiento de la legislaci\u00f3n en todas las fases del proceso.&nbsp;<\/p>\n\n\n\n<p>Cumplimos tambi\u00e9n con los objetivos marcados en el Reglamento europeo de registro, evaluaci\u00f3n, autorizaci\u00f3n y restricci\u00f3n de sustancias qu\u00edmicas (REACH). Estos objetivos se basan en garantizar un uso seguro de las sustancias qu\u00edmicas, limitar los riesgos para la salud y el medio ambiente y fomentar la sustituci\u00f3n de las SVHC (Sustancias altamente preocupantes).&nbsp;<\/p>\n\n\n\n<p><strong>Tenemos un laboratorio propio desde el que podemos hacer un control de calidad de todos nuestros productos, as\u00ed como desarrollar nuestras propias formulaciones<\/strong> e investigar y desarrollar nuevos productos adaptados a las necesidades de nuestros clientes y del mercado. Desde el \u00c1rea t\u00e9cnica damos cobertura a diferentes necesidades:\u00a0<\/p>\n\n\n\n<ul class=\"wp-block-list\"><li>Asesoramiento en el uso y aplicaci\u00f3n de productos<\/li><li>Almacenamiento y manipulaci\u00f3n segura de productos qu\u00edmicos<\/li><li>Transporte de productos qu\u00edmicos peligrosos<\/li><li>Etiquetado y clasificaci\u00f3n de productos qu\u00edmicos, aditivos alimentarios, aditivos feed<\/li><li>Elaboraci\u00f3n de Fichas de Datos de Seguridad<\/li><li>Gesti\u00f3n de la calidad, seguridad y medio ambiente<\/li><li>Gesti\u00f3n de sistemas de seguridad alimentaria<\/li><li>T\u00e9cnicas anal\u00edticas<\/li><li>Interpretaci\u00f3n y aplicaci\u00f3n de legislaci\u00f3n t\u00e9cnica gen\u00e9rica y sectorial<\/li><li>Acompa\u00f1amiento en el desarrollo de formulaciones<\/li><li>Optimizaci\u00f3n de formulaciones<\/li><li>Desarrollo de formulaciones a medida<\/li><\/ul>\n\n\n\n<h2 class=\"wp-block-heading\">Servicios avanzados de log\u00edstica y distribuci\u00f3n<\/h2>\n\n\n\n<p>Disponemos de unas instalaciones modernas e innovadoras con la mejor tecnolog\u00eda y las medidas de prevenci\u00f3n m\u00e1s avanzadas. Permiten ofrecer a nuestros clientes y proveedores la m\u00e1xima garant\u00eda de calidad, sin riesgos en el almacenamiento y manipulaci\u00f3n de sus productos qu\u00edmicos. Contamos con las siguientes instalaciones:&nbsp;<\/p>\n\n\n\n<ul class=\"wp-block-list\"><li>Almac\u00e9n de 1.400m2 adaptado para productos inflamables y corrosivos<\/li><li>Almac\u00e9n de 1.400m2 acondicionado para productos muy t\u00f3xicos, t\u00f3xicos y fitosanitarios<\/li><li>Almac\u00e9n de 6.500m2 compartimentado en 3 sectores con muros de separaci\u00f3n RF240 para productos inflamables y comburentes<\/li><li>18 dep\u00f3sitos de 75m3 construidos en acero A-410-B<\/li><li>4 dep\u00f3sitos de 40m3 construidos en acero A-410-B<\/li><li>\u00c1rea de manipulaci\u00f3n de s\u00f3lidos<\/li><li>\u00c1rea de manipulaci\u00f3n de l\u00edquidos<\/li><li>Laboratorio en el que desarrollar formulaciones<\/li><\/ul>\n\n\n\n<p>Las instalaciones de Grupo Barcelonesa est\u00e1n situadas en Barcelona, <strong>el centro log\u00edstico m\u00e1s importante del sur de Europa<\/strong>. Cuentan con sistemas de seguridad permanente y todos los medios de protecci\u00f3n que exigen las normativas de almacenamiento <strong>ITC-MIE-APQ-1 \/ ITC-MIE-APQ-6 \/ ITC-MIE-APQ-7<\/strong>. Adem\u00e1s, Barcelonesa puede actuar como dep\u00f3sito aduanero y disponemos de las siguientes figuras que nos permiten proporcionar\u00a0exenci\u00f3n arancelaria y de impuestos hasta el momento de la utilizaci\u00f3n de las mercanc\u00edas depositadas en nuestros almacenes:<\/p>\n\n\n\n<ul class=\"wp-block-list\"><li>Dep\u00f3sito Aduanero (DA)<\/li><li>Dep\u00f3sito Distinto Aduanero (DDA)<\/li><li>Almac\u00e9n de Dep\u00f3sito Temporal (ADT)<\/li><li>Local Autorizado para Mercanc\u00edas de Exportaci\u00f3n (LAME)<\/li><\/ul>\n\n\n\n<p><strong>Contamos tambi\u00e9n con una empresa de transporte de mercanc\u00edas peligrosas propia<\/strong>, BDtrans, que puede recoger mercanc\u00edas por toda Europa para distribuirlas por la pen\u00ednsula Ib\u00e9rica. Esto nos permite cerrar el c\u00edrculo, ofrecer a nuestros clientes la venta, almacenaje y distribuci\u00f3n de productos qu\u00edmicos y especialidades.\u00a0<\/p>\n\n\n\n<h2 class=\"wp-block-heading\">Comercio internacional<\/h2>\n\n\n\n<p>Barcelonesa se encarga de buscar en todo el mundo los mejores productos para los clientes suministr\u00e1ndolos en el momento preciso, exportando igualmente al pa\u00eds deseado productos qu\u00edmicos en la cantidad y formato elegido. Gracias a una larga experiencia internacional, Barcelonesa ha consolidado la capacidad de realizar con \u00e9xito todo tipo de operaciones internacionales, tanto \u201ctrading\u201d venta directa a cliente desde origen, como \u201cchartering\u201d para entregas de producto en bulk. <strong>Hacemos operaciones por todo el mundo y contamos con una infraestructura comercial en m\u00e1s de 30 pa\u00edses.<\/strong> Barcelonesa es capaz de suministrar grandes cantidades de productos qu\u00edmicos a todo el mundo: desde un FCL hasta un buque completo entregado en el puerto que necesites.\u00a0<\/p>\n\n\n\n<p>M\u00e1s de 75 a\u00f1os de experiencia distribuyendo productos qu\u00edmicos de la mano de los principales fabricantes a nivel internacional nos permite acceder a los mejores materiales de las mejores fuentes, garantizando abastecimiento permanente de cualquier producto y origen. Adem\u00e1s, Barcelonesa cuenta con una extensa red de agentes internacionales de confianza.&nbsp;<\/p>\n\n\n\n<p>Los a\u00f1os de experiencia y la presencia de Barcelonesa en los principales mercados mundiales, nos da un amplio conocimiento del sector de la pesca y de la alimentaci\u00f3n humana.&nbsp;<\/p>\n","protected":false},"excerpt":{"rendered":"<p>PH7&nbsp;Food Technology&nbsp;es la marca tecnol\u00f3gica de aditivos alimentarios dentro de la divisi\u00f3n de Alimentaci\u00f3n de Grupo Barcelonesa. Y esto, \u00bfque [&hellip;]<\/p>\n","protected":false},"author":1,"featured_media":3233,"comment_status":"open","ping_status":"open","sticky":false,"template":"","format":"standard","meta":{"site-sidebar-layout":"default","site-content-layout":"","ast-site-content-layout":"","site-content-style":"default","site-sidebar-style":"default","ast-global-header-display":"","ast-banner-title-visibility":"","ast-main-header-display":"","ast-hfb-above-header-display":"","ast-hfb-below-header-display":"","ast-hfb-mobile-header-display":"","site-post-title":"","ast-breadcrumbs-content":"","ast-featured-img":"","footer-sml-layout":"","theme-transparent-header-meta":"","adv-header-id-meta":"","stick-header-meta":"","header-above-stick-meta":"","header-main-stick-meta":"","header-below-stick-meta":"","astra-migrate-meta-layouts":"default","ast-page-background-enabled":"default","ast-page-background-meta":{"desktop":{"background-color":"var(--ast-global-color-5)","background-image":"","background-repeat":"repeat","background-position":"center center","background-size":"auto","background-attachment":"scroll","background-type":"","background-media":"","overlay-type":"","overlay-color":"","overlay-opacity":"","overlay-gradient":""},"tablet":{"background-color":"","background-image":"","background-repeat":"repeat","background-position":"center center","background-size":"auto","background-attachment":"scroll","background-type":"","background-media":"","overlay-type":"","overlay-color":"","overlay-opacity":"","overlay-gradient":""},"mobile":{"background-color":"","background-image":"","background-repeat":"repeat","background-position":"center center","background-size":"auto","background-attachment":"scroll","background-type":"","background-media":"","overlay-type":"","overlay-color":"","overlay-opacity":"","overlay-gradient":""}},"ast-content-background-meta":{"desktop":{"background-color":"var(--ast-global-color-4)","background-image":"","background-repeat":"repeat","background-position":"center center","background-size":"auto","background-attachment":"scroll","background-type":"","background-media":"","overlay-type":"","overlay-color":"","overlay-opacity":"","overlay-gradient":""},"tablet":{"background-color":"var(--ast-global-color-4)","background-image":"","background-repeat":"repeat","background-position":"center center","background-size":"auto","background-attachment":"scroll","background-type":"","background-media":"","overlay-type":"","overlay-color":"","overlay-opacity":"","overlay-gradient":""},"mobile":{"background-color":"var(--ast-global-color-4)","background-image":"","background-repeat":"repeat","background-position":"center center","background-size":"auto","background-attachment":"scroll","background-type":"","background-media":"","overlay-type":"","overlay-color":"","overlay-opacity":"","overlay-gradient":""}},"footnotes":""},"categories":[44],"tags":[],"class_list":["post-3232","post","type-post","status-publish","format-standard","has-post-thumbnail","hentry","category-sin-categorizar-2"],"yoast_head":"<!-- This site is optimized with the Yoast SEO plugin v27.5 - https:\/\/yoast.com\/product\/yoast-seo-wordpress\/ -->\n<title>PH7 y Grupo Barcelonesa, comprometidos con el sector alimentario - PH7 Food Tech<\/title>\n<meta name=\"robots\" content=\"index, follow, max-snippet:-1, max-image-preview:large, max-video-preview:-1\" \/>\n<link rel=\"canonical\" href=\"https:\/\/www.ph7foodtech.com\/es\/blog\/ph7-y-grupo-barcelonesa-comprometidos-con-el-sector-alimentario\/\" \/>\n<meta property=\"og:locale\" content=\"es_ES\" \/>\n<meta property=\"og:type\" content=\"article\" \/>\n<meta property=\"og:title\" content=\"PH7 y Grupo Barcelonesa, comprometidos con el sector alimentario - PH7 Food Tech\" \/>\n<meta property=\"og:description\" content=\"PH7&nbsp;Food Technology&nbsp;es la marca tecnol\u00f3gica de aditivos alimentarios dentro de la divisi\u00f3n de Alimentaci\u00f3n de Grupo Barcelonesa. Y esto, \u00bfque [&hellip;]\" \/>\n<meta property=\"og:url\" content=\"https:\/\/www.ph7foodtech.com\/es\/blog\/ph7-y-grupo-barcelonesa-comprometidos-con-el-sector-alimentario\/\" \/>\n<meta property=\"og:site_name\" content=\"PH7 Food Tech\" \/>\n<meta property=\"article:published_time\" content=\"2021-04-15T08:53:32+00:00\" \/>\n<meta property=\"article:modified_time\" content=\"2025-05-29T22:03:25+00:00\" \/>\n<meta property=\"og:image\" content=\"https:\/\/www.ph7foodtech.com\/wp-content\/uploads\/2021\/04\/ph7-barcelonesa-sector-alimentacion.jpg\" \/>\n\t<meta property=\"og:image:width\" content=\"840\" \/>\n\t<meta property=\"og:image:height\" content=\"450\" \/>\n\t<meta property=\"og:image:type\" content=\"image\/jpeg\" \/>\n<meta name=\"author\" content=\"Toni Lopez Buxo\" \/>\n<meta name=\"twitter:card\" content=\"summary_large_image\" \/>\n<meta name=\"twitter:label1\" content=\"Escrito por\" \/>\n\t<meta name=\"twitter:data1\" content=\"Toni Lopez Buxo\" \/>\n\t<meta name=\"twitter:label2\" content=\"Tiempo de lectura\" \/>\n\t<meta name=\"twitter:data2\" content=\"4 minutos\" \/>\n<script type=\"application\/ld+json\" class=\"yoast-schema-graph\">{\"@context\":\"https:\\\/\\\/schema.org\",\"@graph\":[{\"@type\":\"Article\",\"@id\":\"https:\\\/\\\/www.ph7foodtech.com\\\/es\\\/blog\\\/ph7-y-grupo-barcelonesa-comprometidos-con-el-sector-alimentario\\\/#article\",\"isPartOf\":{\"@id\":\"https:\\\/\\\/www.ph7foodtech.com\\\/es\\\/blog\\\/ph7-y-grupo-barcelonesa-comprometidos-con-el-sector-alimentario\\\/\"},\"author\":{\"name\":\"Toni Lopez Buxo\",\"@id\":\"https:\\\/\\\/www.ph7foodtech.com\\\/es\\\/#\\\/schema\\\/person\\\/61beb87190c16914a9da186ed4dbe09a\"},\"headline\":\"PH7 y Grupo Barcelonesa, comprometidos con el sector alimentario\",\"datePublished\":\"2021-04-15T08:53:32+00:00\",\"dateModified\":\"2025-05-29T22:03:25+00:00\",\"mainEntityOfPage\":{\"@id\":\"https:\\\/\\\/www.ph7foodtech.com\\\/es\\\/blog\\\/ph7-y-grupo-barcelonesa-comprometidos-con-el-sector-alimentario\\\/\"},\"wordCount\":934,\"commentCount\":0,\"publisher\":{\"@id\":\"https:\\\/\\\/www.ph7foodtech.com\\\/es\\\/#organization\"},\"image\":{\"@id\":\"https:\\\/\\\/www.ph7foodtech.com\\\/es\\\/blog\\\/ph7-y-grupo-barcelonesa-comprometidos-con-el-sector-alimentario\\\/#primaryimage\"},\"thumbnailUrl\":\"https:\\\/\\\/www.ph7foodtech.com\\\/wp-content\\\/uploads\\\/2021\\\/04\\\/ph7-barcelonesa-sector-alimentacion.jpg\",\"articleSection\":[\"Sin categorizar\"],\"inLanguage\":\"es\",\"potentialAction\":[{\"@type\":\"CommentAction\",\"name\":\"Comment\",\"target\":[\"https:\\\/\\\/www.ph7foodtech.com\\\/es\\\/blog\\\/ph7-y-grupo-barcelonesa-comprometidos-con-el-sector-alimentario\\\/#respond\"]}]},{\"@type\":\"WebPage\",\"@id\":\"https:\\\/\\\/www.ph7foodtech.com\\\/es\\\/blog\\\/ph7-y-grupo-barcelonesa-comprometidos-con-el-sector-alimentario\\\/\",\"url\":\"https:\\\/\\\/www.ph7foodtech.com\\\/es\\\/blog\\\/ph7-y-grupo-barcelonesa-comprometidos-con-el-sector-alimentario\\\/\",\"name\":\"PH7 y Grupo Barcelonesa, comprometidos con el sector alimentario - PH7 Food Tech\",\"isPartOf\":{\"@id\":\"https:\\\/\\\/www.ph7foodtech.com\\\/es\\\/#website\"},\"primaryImageOfPage\":{\"@id\":\"https:\\\/\\\/www.ph7foodtech.com\\\/es\\\/blog\\\/ph7-y-grupo-barcelonesa-comprometidos-con-el-sector-alimentario\\\/#primaryimage\"},\"image\":{\"@id\":\"https:\\\/\\\/www.ph7foodtech.com\\\/es\\\/blog\\\/ph7-y-grupo-barcelonesa-comprometidos-con-el-sector-alimentario\\\/#primaryimage\"},\"thumbnailUrl\":\"https:\\\/\\\/www.ph7foodtech.com\\\/wp-content\\\/uploads\\\/2021\\\/04\\\/ph7-barcelonesa-sector-alimentacion.jpg\",\"datePublished\":\"2021-04-15T08:53:32+00:00\",\"dateModified\":\"2025-05-29T22:03:25+00:00\",\"breadcrumb\":{\"@id\":\"https:\\\/\\\/www.ph7foodtech.com\\\/es\\\/blog\\\/ph7-y-grupo-barcelonesa-comprometidos-con-el-sector-alimentario\\\/#breadcrumb\"},\"inLanguage\":\"es\",\"potentialAction\":[{\"@type\":\"ReadAction\",\"target\":[\"https:\\\/\\\/www.ph7foodtech.com\\\/es\\\/blog\\\/ph7-y-grupo-barcelonesa-comprometidos-con-el-sector-alimentario\\\/\"]}]},{\"@type\":\"ImageObject\",\"inLanguage\":\"es\",\"@id\":\"https:\\\/\\\/www.ph7foodtech.com\\\/es\\\/blog\\\/ph7-y-grupo-barcelonesa-comprometidos-con-el-sector-alimentario\\\/#primaryimage\",\"url\":\"https:\\\/\\\/www.ph7foodtech.com\\\/wp-content\\\/uploads\\\/2021\\\/04\\\/ph7-barcelonesa-sector-alimentacion.jpg\",\"contentUrl\":\"https:\\\/\\\/www.ph7foodtech.com\\\/wp-content\\\/uploads\\\/2021\\\/04\\\/ph7-barcelonesa-sector-alimentacion.jpg\",\"width\":840,\"height\":450},{\"@type\":\"BreadcrumbList\",\"@id\":\"https:\\\/\\\/www.ph7foodtech.com\\\/es\\\/blog\\\/ph7-y-grupo-barcelonesa-comprometidos-con-el-sector-alimentario\\\/#breadcrumb\",\"itemListElement\":[{\"@type\":\"ListItem\",\"position\":1,\"name\":\"Portada\",\"item\":\"https:\\\/\\\/www.ph7foodtech.com\\\/es\\\/\"},{\"@type\":\"ListItem\",\"position\":2,\"name\":\"PH7 y Grupo Barcelonesa, comprometidos con el sector alimentario\"}]},{\"@type\":\"WebSite\",\"@id\":\"https:\\\/\\\/www.ph7foodtech.com\\\/es\\\/#website\",\"url\":\"https:\\\/\\\/www.ph7foodtech.com\\\/es\\\/\",\"name\":\"PH7 Food Tech\",\"description\":\"\",\"publisher\":{\"@id\":\"https:\\\/\\\/www.ph7foodtech.com\\\/es\\\/#organization\"},\"potentialAction\":[{\"@type\":\"SearchAction\",\"target\":{\"@type\":\"EntryPoint\",\"urlTemplate\":\"https:\\\/\\\/www.ph7foodtech.com\\\/es\\\/?s={search_term_string}\"},\"query-input\":{\"@type\":\"PropertyValueSpecification\",\"valueRequired\":true,\"valueName\":\"search_term_string\"}}],\"inLanguage\":\"es\"},{\"@type\":\"Organization\",\"@id\":\"https:\\\/\\\/www.ph7foodtech.com\\\/es\\\/#organization\",\"name\":\"PH7 Food Tech\",\"url\":\"https:\\\/\\\/www.ph7foodtech.com\\\/es\\\/\",\"logo\":{\"@type\":\"ImageObject\",\"inLanguage\":\"es\",\"@id\":\"https:\\\/\\\/www.ph7foodtech.com\\\/es\\\/#\\\/schema\\\/logo\\\/image\\\/\",\"url\":\"https:\\\/\\\/www.ph7foodtech.com\\\/wp-content\\\/uploads\\\/2025\\\/08\\\/PH7-logo-Sand-Negativo.svg\",\"contentUrl\":\"https:\\\/\\\/www.ph7foodtech.com\\\/wp-content\\\/uploads\\\/2025\\\/08\\\/PH7-logo-Sand-Negativo.svg\",\"width\":841,\"height\":595,\"caption\":\"PH7 Food Tech\"},\"image\":{\"@id\":\"https:\\\/\\\/www.ph7foodtech.com\\\/es\\\/#\\\/schema\\\/logo\\\/image\\\/\"}},{\"@type\":\"Person\",\"@id\":\"https:\\\/\\\/www.ph7foodtech.com\\\/es\\\/#\\\/schema\\\/person\\\/61beb87190c16914a9da186ed4dbe09a\",\"name\":\"Toni Lopez Buxo\",\"image\":{\"@type\":\"ImageObject\",\"inLanguage\":\"es\",\"@id\":\"https:\\\/\\\/secure.gravatar.com\\\/avatar\\\/93107b4a0f4e0facb9d415035200818c42209f6308b49223fe0135b817a9b276?s=96&d=mm&r=g\",\"url\":\"https:\\\/\\\/secure.gravatar.com\\\/avatar\\\/93107b4a0f4e0facb9d415035200818c42209f6308b49223fe0135b817a9b276?s=96&d=mm&r=g\",\"contentUrl\":\"https:\\\/\\\/secure.gravatar.com\\\/avatar\\\/93107b4a0f4e0facb9d415035200818c42209f6308b49223fe0135b817a9b276?s=96&d=mm&r=g\",\"caption\":\"Toni Lopez Buxo\"},\"sameAs\":[\"https:\\\/\\\/ph7-a1.c.wetopi.com\"],\"url\":\"https:\\\/\\\/www.ph7foodtech.com\\\/es\\\/blog\\\/author\\\/toni-lopez-buxo\\\/\"}]}<\/script>\n<!-- \/ Yoast SEO plugin. -->","yoast_head_json":{"title":"PH7 y Grupo Barcelonesa, comprometidos con el sector alimentario - PH7 Food Tech","robots":{"index":"index","follow":"follow","max-snippet":"max-snippet:-1","max-image-preview":"max-image-preview:large","max-video-preview":"max-video-preview:-1"},"canonical":"https:\/\/www.ph7foodtech.com\/es\/blog\/ph7-y-grupo-barcelonesa-comprometidos-con-el-sector-alimentario\/","og_locale":"es_ES","og_type":"article","og_title":"PH7 y Grupo Barcelonesa, comprometidos con el sector alimentario - PH7 Food Tech","og_description":"PH7&nbsp;Food Technology&nbsp;es la marca tecnol\u00f3gica de aditivos alimentarios dentro de la divisi\u00f3n de Alimentaci\u00f3n de Grupo Barcelonesa. Y esto, \u00bfque [&hellip;]","og_url":"https:\/\/www.ph7foodtech.com\/es\/blog\/ph7-y-grupo-barcelonesa-comprometidos-con-el-sector-alimentario\/","og_site_name":"PH7 Food Tech","article_published_time":"2021-04-15T08:53:32+00:00","article_modified_time":"2025-05-29T22:03:25+00:00","og_image":[{"width":840,"height":450,"url":"https:\/\/www.ph7foodtech.com\/wp-content\/uploads\/2021\/04\/ph7-barcelonesa-sector-alimentacion.jpg","type":"image\/jpeg"}],"author":"Toni Lopez Buxo","twitter_card":"summary_large_image","twitter_misc":{"Escrito por":"Toni Lopez Buxo","Tiempo de lectura":"4 minutos"},"schema":{"@context":"https:\/\/schema.org","@graph":[{"@type":"Article","@id":"https:\/\/www.ph7foodtech.com\/es\/blog\/ph7-y-grupo-barcelonesa-comprometidos-con-el-sector-alimentario\/#article","isPartOf":{"@id":"https:\/\/www.ph7foodtech.com\/es\/blog\/ph7-y-grupo-barcelonesa-comprometidos-con-el-sector-alimentario\/"},"author":{"name":"Toni Lopez Buxo","@id":"https:\/\/www.ph7foodtech.com\/es\/#\/schema\/person\/61beb87190c16914a9da186ed4dbe09a"},"headline":"PH7 y Grupo Barcelonesa, comprometidos con el sector alimentario","datePublished":"2021-04-15T08:53:32+00:00","dateModified":"2025-05-29T22:03:25+00:00","mainEntityOfPage":{"@id":"https:\/\/www.ph7foodtech.com\/es\/blog\/ph7-y-grupo-barcelonesa-comprometidos-con-el-sector-alimentario\/"},"wordCount":934,"commentCount":0,"publisher":{"@id":"https:\/\/www.ph7foodtech.com\/es\/#organization"},"image":{"@id":"https:\/\/www.ph7foodtech.com\/es\/blog\/ph7-y-grupo-barcelonesa-comprometidos-con-el-sector-alimentario\/#primaryimage"},"thumbnailUrl":"https:\/\/www.ph7foodtech.com\/wp-content\/uploads\/2021\/04\/ph7-barcelonesa-sector-alimentacion.jpg","articleSection":["Sin categorizar"],"inLanguage":"es","potentialAction":[{"@type":"CommentAction","name":"Comment","target":["https:\/\/www.ph7foodtech.com\/es\/blog\/ph7-y-grupo-barcelonesa-comprometidos-con-el-sector-alimentario\/#respond"]}]},{"@type":"WebPage","@id":"https:\/\/www.ph7foodtech.com\/es\/blog\/ph7-y-grupo-barcelonesa-comprometidos-con-el-sector-alimentario\/","url":"https:\/\/www.ph7foodtech.com\/es\/blog\/ph7-y-grupo-barcelonesa-comprometidos-con-el-sector-alimentario\/","name":"PH7 y Grupo Barcelonesa, comprometidos con el sector alimentario - PH7 Food Tech","isPartOf":{"@id":"https:\/\/www.ph7foodtech.com\/es\/#website"},"primaryImageOfPage":{"@id":"https:\/\/www.ph7foodtech.com\/es\/blog\/ph7-y-grupo-barcelonesa-comprometidos-con-el-sector-alimentario\/#primaryimage"},"image":{"@id":"https:\/\/www.ph7foodtech.com\/es\/blog\/ph7-y-grupo-barcelonesa-comprometidos-con-el-sector-alimentario\/#primaryimage"},"thumbnailUrl":"https:\/\/www.ph7foodtech.com\/wp-content\/uploads\/2021\/04\/ph7-barcelonesa-sector-alimentacion.jpg","datePublished":"2021-04-15T08:53:32+00:00","dateModified":"2025-05-29T22:03:25+00:00","breadcrumb":{"@id":"https:\/\/www.ph7foodtech.com\/es\/blog\/ph7-y-grupo-barcelonesa-comprometidos-con-el-sector-alimentario\/#breadcrumb"},"inLanguage":"es","potentialAction":[{"@type":"ReadAction","target":["https:\/\/www.ph7foodtech.com\/es\/blog\/ph7-y-grupo-barcelonesa-comprometidos-con-el-sector-alimentario\/"]}]},{"@type":"ImageObject","inLanguage":"es","@id":"https:\/\/www.ph7foodtech.com\/es\/blog\/ph7-y-grupo-barcelonesa-comprometidos-con-el-sector-alimentario\/#primaryimage","url":"https:\/\/www.ph7foodtech.com\/wp-content\/uploads\/2021\/04\/ph7-barcelonesa-sector-alimentacion.jpg","contentUrl":"https:\/\/www.ph7foodtech.com\/wp-content\/uploads\/2021\/04\/ph7-barcelonesa-sector-alimentacion.jpg","width":840,"height":450},{"@type":"BreadcrumbList","@id":"https:\/\/www.ph7foodtech.com\/es\/blog\/ph7-y-grupo-barcelonesa-comprometidos-con-el-sector-alimentario\/#breadcrumb","itemListElement":[{"@type":"ListItem","position":1,"name":"Portada","item":"https:\/\/www.ph7foodtech.com\/es\/"},{"@type":"ListItem","position":2,"name":"PH7 y Grupo Barcelonesa, comprometidos con el sector alimentario"}]},{"@type":"WebSite","@id":"https:\/\/www.ph7foodtech.com\/es\/#website","url":"https:\/\/www.ph7foodtech.com\/es\/","name":"PH7 Food Tech","description":"","publisher":{"@id":"https:\/\/www.ph7foodtech.com\/es\/#organization"},"potentialAction":[{"@type":"SearchAction","target":{"@type":"EntryPoint","urlTemplate":"https:\/\/www.ph7foodtech.com\/es\/?s={search_term_string}"},"query-input":{"@type":"PropertyValueSpecification","valueRequired":true,"valueName":"search_term_string"}}],"inLanguage":"es"},{"@type":"Organization","@id":"https:\/\/www.ph7foodtech.com\/es\/#organization","name":"PH7 Food Tech","url":"https:\/\/www.ph7foodtech.com\/es\/","logo":{"@type":"ImageObject","inLanguage":"es","@id":"https:\/\/www.ph7foodtech.com\/es\/#\/schema\/logo\/image\/","url":"https:\/\/www.ph7foodtech.com\/wp-content\/uploads\/2025\/08\/PH7-logo-Sand-Negativo.svg","contentUrl":"https:\/\/www.ph7foodtech.com\/wp-content\/uploads\/2025\/08\/PH7-logo-Sand-Negativo.svg","width":841,"height":595,"caption":"PH7 Food Tech"},"image":{"@id":"https:\/\/www.ph7foodtech.com\/es\/#\/schema\/logo\/image\/"}},{"@type":"Person","@id":"https:\/\/www.ph7foodtech.com\/es\/#\/schema\/person\/61beb87190c16914a9da186ed4dbe09a","name":"Toni Lopez Buxo","image":{"@type":"ImageObject","inLanguage":"es","@id":"https:\/\/secure.gravatar.com\/avatar\/93107b4a0f4e0facb9d415035200818c42209f6308b49223fe0135b817a9b276?s=96&d=mm&r=g","url":"https:\/\/secure.gravatar.com\/avatar\/93107b4a0f4e0facb9d415035200818c42209f6308b49223fe0135b817a9b276?s=96&d=mm&r=g","contentUrl":"https:\/\/secure.gravatar.com\/avatar\/93107b4a0f4e0facb9d415035200818c42209f6308b49223fe0135b817a9b276?s=96&d=mm&r=g","caption":"Toni Lopez Buxo"},"sameAs":["https:\/\/ph7-a1.c.wetopi.com"],"url":"https:\/\/www.ph7foodtech.com\/es\/blog\/author\/toni-lopez-buxo\/"}]}},"_links":{"self":[{"href":"https:\/\/www.ph7foodtech.com\/es\/wp-json\/wp\/v2\/posts\/3232","targetHints":{"allow":["GET"]}}],"collection":[{"href":"https:\/\/www.ph7foodtech.com\/es\/wp-json\/wp\/v2\/posts"}],"about":[{"href":"https:\/\/www.ph7foodtech.com\/es\/wp-json\/wp\/v2\/types\/post"}],"author":[{"embeddable":true,"href":"https:\/\/www.ph7foodtech.com\/es\/wp-json\/wp\/v2\/users\/1"}],"replies":[{"embeddable":true,"href":"https:\/\/www.ph7foodtech.com\/es\/wp-json\/wp\/v2\/comments?post=3232"}],"version-history":[{"count":1,"href":"https:\/\/www.ph7foodtech.com\/es\/wp-json\/wp\/v2\/posts\/3232\/revisions"}],"predecessor-version":[{"id":5335,"href":"https:\/\/www.ph7foodtech.com\/es\/wp-json\/wp\/v2\/posts\/3232\/revisions\/5335"}],"wp:featuredmedia":[{"embeddable":true,"href":"https:\/\/www.ph7foodtech.com\/es\/wp-json\/wp\/v2\/media\/3233"}],"wp:attachment":[{"href":"https:\/\/www.ph7foodtech.com\/es\/wp-json\/wp\/v2\/media?parent=3232"}],"wp:term":[{"taxonomy":"category","embeddable":true,"href":"https:\/\/www.ph7foodtech.com\/es\/wp-json\/wp\/v2\/categories?post=3232"},{"taxonomy":"post_tag","embeddable":true,"href":"https:\/\/www.ph7foodtech.com\/es\/wp-json\/wp\/v2\/tags?post=3232"}],"curies":[{"name":"wp","href":"https:\/\/api.w.org\/{rel}","templated":true}]}}